{"id":80,"date":"2020-04-01T17:47:36","date_gmt":"2020-04-01T20:47:36","guid":{"rendered":"https:\/\/moraistavares.adv.br\/blog\/?p=80"},"modified":"2020-04-01T17:49:21","modified_gmt":"2020-04-01T20:49:21","slug":"juiz-aplica-o-fato-do-principe-para-postergar-o-pagamento-de-tributos","status":"publish","type":"post","link":"https:\/\/moraistavares.adv.br\/blog\/juiz-aplica-o-fato-do-principe-para-postergar-o-pagamento-de-tributos\/","title":{"rendered":"Juiz aplica o Fato do Pr\u00edncipe para postergar o pagamento de tributos"},"content":{"rendered":"\n<p>Em meu artigo anterior (<a rel=\"noreferrer noopener\" aria-label=\"O Coronav\u00edrus e o Fato do Pr\u00edncipe (abre numa nova aba)\" href=\"https:\/\/moraistavares.adv.br\/blog\/?p=67\" target=\"_blank\">O Coronav\u00edrus e o Fato do Pr\u00edncipe<\/a>, publicado tamb\u00e9m no <a href=\"https:\/\/www.jornaljurid.com.br\/doutrina\/trabalhista\/o-coronavirus-e-o-fato-do-principe\" target=\"_blank\" rel=\"noreferrer noopener\" aria-label=\"Jornal Jur\u00eddico (abre numa nova aba)\">Jornal Jur\u00eddico<\/a>) tratei da possibilidade da aplica\u00e7\u00e3o do conceito do <em>Factum principis<\/em> como forma de responsabiliza\u00e7\u00e3o da Administra\u00e7\u00e3o P\u00fablica pela edi\u00e7\u00e3o de decretos que tornaram invi\u00e1veis a continuidade de atividades empres\u00e1rias, bem como no desequil\u00edbrio econ\u00f4mico financeiro de contratos administrativos.<\/p>\n\n\n\n<p>Recentemente o juiz da 21\u00aa\nVara Federal C\u00edvel do Distrito Federal, concedeu liminar a uma empresa para\nsuspender por tr\u00eas meses o recolhimento de quatro tributos, como forma de\npreservar mais de 5 mil empregos. Assim, n\u00e3o precisar\u00e1 recolher Imposto de\nRenda Pessoa Jur\u00eddica (IRPJ), Contribui\u00e7\u00e3o Social sobre o Lucro L\u00edquido (CSLL),\nPis e Cofins. Assim o Ju\u00edzo considerou que atos e a\u00e7\u00f5es da pr\u00f3pria\nadministra\u00e7\u00e3o p\u00fablica, por conta da pandemia, criaram situa\u00e7\u00e3o de completa\nimprevisibilidade. \n\nVerifica-se assim a\ntotal possibilidade de aplica\u00e7\u00e3o da teoria do Fato do Pr\u00edncipe quando a Administra\u00e7\u00e3o\nP\u00fablica impossibilita a execu\u00e7\u00e3o da atividade do empregador e, por conseguinte,\no contrato de trabalho, de forma definitiva ou tempor\u00e1ria, por interm\u00e9dio de\nlei ou ato administrativo, ou quando seu ato provoca o desequil\u00edbrio econ\u00f4mico\nfinanceiro de um contrato administrativo. E agora abra-se precedente para que a\nmesma teria venha a ser aplicada em \u00e2mbito tribut\u00e1rio.\n\n\n\n<\/p>\n","protected":false},"excerpt":{"rendered":"<p>Em decis\u00e3o in\u00e9dita juiz aplica o Fato do Pr\u00edncipe para postergar o pagamento de tributos<\/p>\n","protected":false},"author":2,"featured_media":81,"comment_status":"closed","ping_status":"open","sticky":false,"template":"","format":"standard","meta":[],"categories":[50,61],"tags":[54,53,62,18,9],"yoast_head":"<!-- This site is optimized with the Yoast SEO Premium plugin v15.6.2 - https:\/\/yoast.com\/wordpress\/plugins\/seo\/ -->\r\n<title>Juiz aplica o Fato do Pr\u00edncipe para postergar o pagamento de tributos - Blog Morais &amp; Tavares Advogados<\/title>\r\n<meta name=\"robots\" content=\"index, follow, max-snippet:-1, max-image-preview:large, max-video-preview:-1\" \/>\r\n<link rel=\"canonical\" href=\"https:\/\/moraistavares.adv.br\/blog\/juiz-aplica-o-fato-do-principe-para-postergar-o-pagamento-de-tributos\/\" \/>\r\n<meta property=\"og:locale\" content=\"pt_BR\" \/>\r\n<meta property=\"og:type\" content=\"article\" \/>\r\n<meta property=\"og:title\" content=\"Juiz aplica o Fato do Pr\u00edncipe para postergar o pagamento de tributos - Blog Morais &amp; Tavares Advogados\" \/>\r\n<meta property=\"og:description\" content=\"Em decis\u00e3o in\u00e9dita juiz aplica o Fato do Pr\u00edncipe para postergar o pagamento de tributos\" \/>\r\n<meta property=\"og:url\" content=\"https:\/\/moraistavares.adv.br\/blog\/juiz-aplica-o-fato-do-principe-para-postergar-o-pagamento-de-tributos\/\" \/>\r\n<meta property=\"og:site_name\" content=\"Blog Morais &amp; Tavares Advogados\" \/>\r\n<meta property=\"article:publisher\" content=\"https:\/\/www.facebook.com\/moraistavaresadvogados\/\" \/>\r\n<meta property=\"article:published_time\" content=\"2020-04-01T20:47:36+00:00\" \/>\r\n<meta property=\"article:modified_time\" content=\"2020-04-01T20:49:21+00:00\" \/>\r\n<meta property=\"og:image\" content=\"https:\/\/moraistavares.adv.br\/blog\/wp-content\/uploads\/2020\/04\/business-taxes-germany.jpg\" \/>\r\n\t<meta property=\"og:image:width\" content=\"500\" \/>\r\n\t<meta property=\"og:image:height\" content=\"301\" \/>\r\n<meta name=\"twitter:card\" content=\"summary_large_image\" \/>\r\n<meta name=\"twitter:creator\" content=\"@moraisetavares\" \/>\r\n<meta name=\"twitter:site\" content=\"@moraisetavares\" \/>\r\n<meta name=\"twitter:label1\" content=\"Est. reading time\">\n\t<meta name=\"twitter:data1\" content=\"1 minuto\">\r\n<script type=\"application\/ld+json\" class=\"yoast-schema-graph\">{\"@context\":\"https:\/\/schema.org\",\"@graph\":[{\"@type\":\"Organization\",\"@id\":\"https:\/\/moraistavares.adv.br\/blog\/#organization\",\"name\":\"Morais & Tavares Advogados Associados\",\"url\":\"https:\/\/moraistavares.adv.br\/blog\/\",\"sameAs\":[\"https:\/\/www.facebook.com\/moraistavaresadvogados\/\",\"https:\/\/www.instagram.com\/moraistavaresadv\/\",\"https:\/\/www.linkedin.com\/company\/morais-tavares-advogados-associados\/\",\"https:\/\/twitter.com\/moraisetavares\"],\"logo\":{\"@type\":\"ImageObject\",\"@id\":\"https:\/\/moraistavares.adv.br\/blog\/#logo\",\"inLanguage\":\"pt-BR\",\"url\":\"https:\/\/moraistavares.adv.br\/blog\/wp-content\/uploads\/2020\/09\/cropped-logo-morais-e-tavares.png\",\"width\":282,\"height\":110,\"caption\":\"Morais & Tavares Advogados Associados\"},\"image\":{\"@id\":\"https:\/\/moraistavares.adv.br\/blog\/#logo\"}},{\"@type\":\"WebSite\",\"@id\":\"https:\/\/moraistavares.adv.br\/blog\/#website\",\"url\":\"https:\/\/moraistavares.adv.br\/blog\/\",\"name\":\"Blog Morais & Tavares Advogados\",\"description\":\"Not\\u00edcias e Informa\\u00e7\\u00f5es do escrit\\u00f3rio Morais &amp; Tavares Advogados Associados\",\"publisher\":{\"@id\":\"https:\/\/moraistavares.adv.br\/blog\/#organization\"},\"potentialAction\":[{\"@type\":\"SearchAction\",\"target\":\"https:\/\/moraistavares.adv.br\/blog\/?s={search_term_string}\",\"query-input\":\"required name=search_term_string\"}],\"inLanguage\":\"pt-BR\"},{\"@type\":\"ImageObject\",\"@id\":\"https:\/\/moraistavares.adv.br\/blog\/juiz-aplica-o-fato-do-principe-para-postergar-o-pagamento-de-tributos\/#primaryimage\",\"inLanguage\":\"pt-BR\",\"url\":\"https:\/\/moraistavares.adv.br\/blog\/wp-content\/uploads\/2020\/04\/business-taxes-germany.jpg\",\"width\":500,\"height\":301},{\"@type\":\"WebPage\",\"@id\":\"https:\/\/moraistavares.adv.br\/blog\/juiz-aplica-o-fato-do-principe-para-postergar-o-pagamento-de-tributos\/#webpage\",\"url\":\"https:\/\/moraistavares.adv.br\/blog\/juiz-aplica-o-fato-do-principe-para-postergar-o-pagamento-de-tributos\/\",\"name\":\"Juiz aplica o Fato do Pr\\u00edncipe para postergar o pagamento de tributos - Blog Morais &amp; Tavares Advogados\",\"isPartOf\":{\"@id\":\"https:\/\/moraistavares.adv.br\/blog\/#website\"},\"primaryImageOfPage\":{\"@id\":\"https:\/\/moraistavares.adv.br\/blog\/juiz-aplica-o-fato-do-principe-para-postergar-o-pagamento-de-tributos\/#primaryimage\"},\"datePublished\":\"2020-04-01T20:47:36+00:00\",\"dateModified\":\"2020-04-01T20:49:21+00:00\",\"inLanguage\":\"pt-BR\",\"potentialAction\":[{\"@type\":\"ReadAction\",\"target\":[\"https:\/\/moraistavares.adv.br\/blog\/juiz-aplica-o-fato-do-principe-para-postergar-o-pagamento-de-tributos\/\"]}]},{\"@type\":\"Article\",\"@id\":\"https:\/\/moraistavares.adv.br\/blog\/juiz-aplica-o-fato-do-principe-para-postergar-o-pagamento-de-tributos\/#article\",\"isPartOf\":{\"@id\":\"https:\/\/moraistavares.adv.br\/blog\/juiz-aplica-o-fato-do-principe-para-postergar-o-pagamento-de-tributos\/#webpage\"},\"author\":{\"@id\":\"https:\/\/moraistavares.adv.br\/blog\/#\/schema\/person\/bc036fb938d90d95345b6c3104d717fe\"},\"headline\":\"Juiz aplica o Fato do Pr\\u00edncipe para postergar o pagamento de tributos\",\"datePublished\":\"2020-04-01T20:47:36+00:00\",\"dateModified\":\"2020-04-01T20:49:21+00:00\",\"mainEntityOfPage\":{\"@id\":\"https:\/\/moraistavares.adv.br\/blog\/juiz-aplica-o-fato-do-principe-para-postergar-o-pagamento-de-tributos\/#webpage\"},\"publisher\":{\"@id\":\"https:\/\/moraistavares.adv.br\/blog\/#organization\"},\"image\":{\"@id\":\"https:\/\/moraistavares.adv.br\/blog\/juiz-aplica-o-fato-do-principe-para-postergar-o-pagamento-de-tributos\/#primaryimage\"},\"keywords\":\"Coronav\\u00edrus,COVID19,Direito Tribut\\u00e1rio,moraisetavares,moraistavares\",\"articleSection\":\"COVID19,Direito Tribut\\u00e1rio\",\"inLanguage\":\"pt-BR\"},{\"@type\":\"Person\",\"@id\":\"https:\/\/moraistavares.adv.br\/blog\/#\/schema\/person\/bc036fb938d90d95345b6c3104d717fe\",\"name\":\"Morais Tavares\",\"image\":{\"@type\":\"ImageObject\",\"@id\":\"https:\/\/moraistavares.adv.br\/blog\/#personlogo\",\"inLanguage\":\"pt-BR\",\"url\":\"https:\/\/secure.gravatar.com\/avatar\/47604615ef3ffb79e7a8589a319b9091?s=96&d=mm&r=g\",\"caption\":\"Morais Tavares\"}}]}<\/script>\r\n<!-- \/ Yoast SEO Premium plugin. -->","_links":{"self":[{"href":"https:\/\/moraistavares.adv.br\/blog\/wp-json\/wp\/v2\/posts\/80"}],"collection":[{"href":"https:\/\/moraistavares.adv.br\/blog\/wp-json\/wp\/v2\/posts"}],"about":[{"href":"https:\/\/moraistavares.adv.br\/blog\/wp-json\/wp\/v2\/types\/post"}],"author":[{"embeddable":true,"href":"https:\/\/moraistavares.adv.br\/blog\/wp-json\/wp\/v2\/users\/2"}],"replies":[{"embeddable":true,"href":"https:\/\/moraistavares.adv.br\/blog\/wp-json\/wp\/v2\/comments?post=80"}],"version-history":[{"count":1,"href":"https:\/\/moraistavares.adv.br\/blog\/wp-json\/wp\/v2\/posts\/80\/revisions"}],"predecessor-version":[{"id":82,"href":"https:\/\/moraistavares.adv.br\/blog\/wp-json\/wp\/v2\/posts\/80\/revisions\/82"}],"wp:featuredmedia":[{"embeddable":true,"href":"https:\/\/moraistavares.adv.br\/blog\/wp-json\/wp\/v2\/media\/81"}],"wp:attachment":[{"href":"https:\/\/moraistavares.adv.br\/blog\/wp-json\/wp\/v2\/media?parent=80"}],"wp:term":[{"taxonomy":"category","embeddable":true,"href":"https:\/\/moraistavares.adv.br\/blog\/wp-json\/wp\/v2\/categories?post=80"},{"taxonomy":"post_tag","embeddable":true,"href":"https:\/\/moraistavares.adv.br\/blog\/wp-json\/wp\/v2\/tags?post=80"}],"curies":[{"name":"wp","href":"https:\/\/api.w.org\/{rel}","templated":true}]}}