{"id":730,"date":"2023-03-19T17:35:28","date_gmt":"2023-03-19T20:35:28","guid":{"rendered":"https:\/\/moraistavares.adv.br\/blog\/?p=730"},"modified":"2023-03-19T17:35:28","modified_gmt":"2023-03-19T20:35:28","slug":"lgpd-para-que","status":"publish","type":"post","link":"https:\/\/moraistavares.adv.br\/blog\/lgpd-para-que\/","title":{"rendered":"LGPD para que?"},"content":{"rendered":"<p><strong>Por: Luciano Tavares &#8211; Advogado, especialista em Prote\u00e7\u00e3o de Dados Pessoais, Direito P\u00fablico e Direito M\u00e9dico e da Sa\u00fade<\/strong><\/p>\n<p>&nbsp;<\/p>\n<p>No \u00faltimo dia 08 de mar\u00e7o, o <a href=\"https:\/\/stj.jus.br\" target=\"_blank\" rel=\"noopener\"><strong>Superior Tribunal de Justi\u00e7a (STJ)<\/strong><\/a> decidiu que uma <strong>consumidora que teve seus dados vazados<\/strong> pela empresa de energia el\u00e9trica Enel <strong>n\u00e3o ter\u00e1 direito a indeniza\u00e7\u00e3o por danos morais<\/strong>. <strong>A decis\u00e3o do Tribunal contraria a Lei Geral de Prote\u00e7\u00e3o de Dados (LGPD)<\/strong>, que entrou em vigor em setembro de 2020 e visa proteger a privacidade e os dados pessoais dos cidad\u00e3os brasileiros.<\/p>\n<p>A <strong>consumidora<\/strong> em quest\u00e3o <strong>teve seu nome, CPF e endere\u00e7o divulgados indevidamente pela empresa<\/strong>, tendo a consumidora por conta disso, ingressado com a\u00e7\u00e3o de repara\u00e7\u00e3o por danos morais.<\/p>\n<p>No entanto, o <strong>STJ negou o pedido da consumidora<\/strong>, <strong>argumentando que n\u00e3o houve comprova\u00e7\u00e3o de dano efetivo ou preju\u00edzo concreto em decorr\u00eancia do vazamento de dados<\/strong>. O Tribunal tamb\u00e9m considerou que a empresa agiu de forma r\u00e1pida e eficiente para solucionar o problema, o que afastou sua responsabilidade pelo ocorrido.<\/p>\n<p><strong>Embora a decis\u00e3o do STJ esteja de acordo com o entendimento jur\u00eddico tradicional de que \u00e9 necess\u00e1rio comprovar o dano efetivo para que haja uma indeniza\u00e7\u00e3o por danos morais, ela vai contra a LGPD e n\u00e3o leva em considera\u00e7\u00e3o que a prote\u00e7\u00e3o dos dados pessoais passou a ser considerada um direito fundamental, protegido pela Constitui\u00e7\u00e3o Federal, inciso LXXIX do artigo 5\u00ba, em que afirma \u201c\u00e9 assegurado, nos termos da lei, o direito \u00e0 prote\u00e7\u00e3o dos dados pessoais, inclusive nos meios digitais\u201d<\/strong>.<\/p>\n<p>A <strong>LGPD<\/strong> estabelece que as empresas e organiza\u00e7\u00f5es que lidam com dados pessoais devem adotar medidas t\u00e9cnicas e organizacionais para garantir a seguran\u00e7a e privacidade desses dados. Al\u00e9m disso, a lei prev\u00ea san\u00e7\u00f5es para as empresas que violarem a privacidade dos usu\u00e1rios, incluindo multas que podem chegar a 2% do faturamento da empresa, limitado a R$ 50 milh\u00f5es por infra\u00e7\u00e3o.<\/p>\n<p><strong>A decis\u00e3o do STJ, no entanto, desconsidera a gravidade do vazamento de dados pessoais e n\u00e3o leva em conta que a prote\u00e7\u00e3o desses dados \u00e9 um direito fundamental dos cidad\u00e3os<\/strong>, garantido pela Constitui\u00e7\u00e3o Federal. A Constitui\u00e7\u00e3o Federal estabelece, em seu artigo 5\u00ba, que &#8220;todos s\u00e3o iguais perante a lei, sem distin\u00e7\u00e3o de qualquer natureza, garantindo-se aos brasileiros e aos estrangeiros residentes no pa\u00eds a inviolabilidade do direito \u00e0 vida, \u00e0 liberdade, \u00e0 igualdade, \u00e0 seguran\u00e7a e \u00e0 propriedade&#8221;.<\/p>\n<p><strong>O direito \u00e0 privacidade e \u00e0 prote\u00e7\u00e3o dos dados pessoais se tornou uma das express\u00f5es concretas desse princ\u00edpio constitucional. A LGPD, por sua vez, tem como objetivo garantir a prote\u00e7\u00e3o dos dados pessoais dos cidad\u00e3os, evitando que sejam utilizados de forma indevida ou expostos a riscos de vazamentos e fraudes.<\/strong><\/p>\n<p><strong>Ao desconsiderar a LGPD e n\u00e3o levar em conta o direito fundamental \u00e0 privacidade e \u00e0 prote\u00e7\u00e3o dos dados pessoais, o STJ pode estar abrindo um precedente perigoso, que pode prejudicar a aplica\u00e7\u00e3o da lei e fr\u00e1gil a prote\u00e7\u00e3o dos dados pessoais dos cidad\u00e3os brasileiros.<\/strong> A decis\u00e3o do Tribunal pode incentivar empresas e organiza\u00e7\u00f5es a n\u00e3o se preocuparem com a prote\u00e7\u00e3o dos dados pessoais de seus clientes, uma vez que sabem que n\u00e3o ser\u00e3o responsabilizadas por eventuais vazamentos ou viola\u00e7\u00f5es de privacidade.<\/p>\n<p><strong>\u00c9 importante lembrar que o direito \u00e0 privacidade e \u00e0 prote\u00e7\u00e3o dos dados pessoais n\u00e3o \u00e9 uma quest\u00e3o apenas de conforto ou comodidade, mas sim de direitos fundamentais dos cidad\u00e3os.<\/strong> A exposi\u00e7\u00e3o indevida dos dados pessoais pode causar danos irrepar\u00e1veis, como fraudes, roubos de identidade, discrimina\u00e7\u00e3o e at\u00e9 mesmo viol\u00eancia f\u00edsica. Portanto, a prote\u00e7\u00e3o dos dados pessoais deve ser uma preocupa\u00e7\u00e3o constante das empresas e organiza\u00e7\u00f5es que lidam com essas informa\u00e7\u00f5es.<\/p>\n<p><strong>\u00c9 preciso que futuras decis\u00f5es judiciais passem a levar em conta a import\u00e2ncia da prote\u00e7\u00e3o dos dados pessoais e o papel da LGPD na garantia desse direito fundamental dos cidad\u00e3os. Al\u00e9m disso, \u00e9 necess\u00e1rio que as empresas e organiza\u00e7\u00f5es entendam que a prote\u00e7\u00e3o dos dados pessoais n\u00e3o \u00e9 uma quest\u00e3o opcional, mas sim uma obriga\u00e7\u00e3o legal e moral, que deve ser levada a s\u00e9rio em todos os momentos.<\/strong><\/p>\n<p>Por fim, \u00e9 importante ressaltar que a prote\u00e7\u00e3o dos dados pessoais \u00e9 uma responsabilidade coletiva, que envolve n\u00e3o apenas as empresas e organiza\u00e7\u00f5es, mas tamb\u00e9m os \u00f3rg\u00e3os reguladores, o governo e a sociedade como um todo. Todos t\u00eam um papel importante a desempenhar na garantia da privacidade e da prote\u00e7\u00e3o dos dados pessoais, que s\u00e3o direitos fundamentais dos cidad\u00e3os brasileiros.<\/p>\n<p>&nbsp;<\/p>\n<p>#LGPD #prote\u00e7\u00e3odedadospessoais #direitosfundamentais #STJ #decis\u00e3opolemica #responsabilidadesocial #privacidade #seguran\u00e7adainforma\u00e7\u00e3o #dados #cidad\u00e3osbrasileiros<\/p>\n","protected":false},"excerpt":{"rendered":"<p>Por: Luciano Tavares &#8211; Advogado, especialista em Prote\u00e7\u00e3o de Dados Pessoais, Direito P\u00fablico e Direito [&hellip;]<\/p>\n","protected":false},"author":1,"featured_media":732,"comment_status":"closed","ping_status":"open","sticky":false,"template":"","format":"standard","meta":[],"categories":[320],"tags":[545,544,540,538,300,542,537,541,543,539],"yoast_head":"<!-- This site is optimized with the Yoast SEO Premium plugin v15.6.2 - https:\/\/yoast.com\/wordpress\/plugins\/seo\/ -->\r\n<title>LGPD para que? - Blog Morais &amp; Tavares Advogados<\/title>\r\n<meta name=\"description\" content=\"Como uma decis\u00e3o do STJ viola a LGPD e coloca em risco a prote\u00e7\u00e3o de dados pessoais de consumidores.\" \/>\r\n<meta name=\"robots\" content=\"index, follow, max-snippet:-1, max-image-preview:large, max-video-preview:-1\" \/>\r\n<link rel=\"canonical\" href=\"https:\/\/moraistavares.adv.br\/blog\/lgpd-para-que\/\" \/>\r\n<meta property=\"og:locale\" content=\"pt_BR\" \/>\r\n<meta property=\"og:type\" content=\"article\" \/>\r\n<meta property=\"og:title\" content=\"LGPD para que? - Blog Morais &amp; Tavares Advogados\" \/>\r\n<meta property=\"og:description\" content=\"Como uma decis\u00e3o do STJ viola a LGPD e coloca em risco a prote\u00e7\u00e3o de dados pessoais de consumidores.\" \/>\r\n<meta property=\"og:url\" content=\"https:\/\/moraistavares.adv.br\/blog\/lgpd-para-que\/\" \/>\r\n<meta property=\"og:site_name\" content=\"Blog Morais &amp; Tavares Advogados\" \/>\r\n<meta property=\"article:publisher\" content=\"https:\/\/www.facebook.com\/moraistavaresadvogados\/\" \/>\r\n<meta property=\"article:published_time\" content=\"2023-03-19T20:35:28+00:00\" \/>\r\n<meta property=\"og:image\" content=\"https:\/\/moraistavares.adv.br\/blog\/wp-content\/uploads\/2023\/03\/lgpd-para-que-1024x576.png\" \/>\r\n\t<meta property=\"og:image:width\" content=\"1024\" \/>\r\n\t<meta property=\"og:image:height\" content=\"576\" \/>\r\n<meta name=\"twitter:card\" content=\"summary_large_image\" \/>\r\n<meta name=\"twitter:creator\" content=\"@moraisetavares\" \/>\r\n<meta name=\"twitter:site\" content=\"@moraisetavares\" \/>\r\n<meta name=\"twitter:label1\" content=\"Est. reading time\">\n\t<meta name=\"twitter:data1\" content=\"4 minutos\">\r\n<script type=\"application\/ld+json\" class=\"yoast-schema-graph\">{\"@context\":\"https:\/\/schema.org\",\"@graph\":[{\"@type\":\"Organization\",\"@id\":\"https:\/\/moraistavares.adv.br\/blog\/#organization\",\"name\":\"Morais & Tavares Advogados Associados\",\"url\":\"https:\/\/moraistavares.adv.br\/blog\/\",\"sameAs\":[\"https:\/\/www.facebook.com\/moraistavaresadvogados\/\",\"https:\/\/www.instagram.com\/moraistavaresadv\/\",\"https:\/\/www.linkedin.com\/company\/morais-tavares-advogados-associados\/\",\"https:\/\/twitter.com\/moraisetavares\"],\"logo\":{\"@type\":\"ImageObject\",\"@id\":\"https:\/\/moraistavares.adv.br\/blog\/#logo\",\"inLanguage\":\"pt-BR\",\"url\":\"https:\/\/moraistavares.adv.br\/blog\/wp-content\/uploads\/2020\/09\/cropped-logo-morais-e-tavares.png\",\"width\":282,\"height\":110,\"caption\":\"Morais & Tavares Advogados Associados\"},\"image\":{\"@id\":\"https:\/\/moraistavares.adv.br\/blog\/#logo\"}},{\"@type\":\"WebSite\",\"@id\":\"https:\/\/moraistavares.adv.br\/blog\/#website\",\"url\":\"https:\/\/moraistavares.adv.br\/blog\/\",\"name\":\"Blog Morais & Tavares Advogados\",\"description\":\"Not\\u00edcias e Informa\\u00e7\\u00f5es do escrit\\u00f3rio Morais &amp; Tavares Advogados Associados\",\"publisher\":{\"@id\":\"https:\/\/moraistavares.adv.br\/blog\/#organization\"},\"potentialAction\":[{\"@type\":\"SearchAction\",\"target\":\"https:\/\/moraistavares.adv.br\/blog\/?s={search_term_string}\",\"query-input\":\"required name=search_term_string\"}],\"inLanguage\":\"pt-BR\"},{\"@type\":\"ImageObject\",\"@id\":\"https:\/\/moraistavares.adv.br\/blog\/lgpd-para-que\/#primaryimage\",\"inLanguage\":\"pt-BR\",\"url\":\"https:\/\/moraistavares.adv.br\/blog\/wp-content\/uploads\/2023\/03\/lgpd-para-que.png\",\"width\":2240,\"height\":1260,\"caption\":\"LGPD para que?\"},{\"@type\":\"WebPage\",\"@id\":\"https:\/\/moraistavares.adv.br\/blog\/lgpd-para-que\/#webpage\",\"url\":\"https:\/\/moraistavares.adv.br\/blog\/lgpd-para-que\/\",\"name\":\"LGPD para que? - Blog Morais &amp; Tavares Advogados\",\"isPartOf\":{\"@id\":\"https:\/\/moraistavares.adv.br\/blog\/#website\"},\"primaryImageOfPage\":{\"@id\":\"https:\/\/moraistavares.adv.br\/blog\/lgpd-para-que\/#primaryimage\"},\"datePublished\":\"2023-03-19T20:35:28+00:00\",\"dateModified\":\"2023-03-19T20:35:28+00:00\",\"description\":\"Como uma decis\\u00e3o do STJ viola a LGPD e coloca em risco a prote\\u00e7\\u00e3o de dados pessoais de consumidores.\",\"inLanguage\":\"pt-BR\",\"potentialAction\":[{\"@type\":\"ReadAction\",\"target\":[\"https:\/\/moraistavares.adv.br\/blog\/lgpd-para-que\/\"]}]},{\"@type\":\"Article\",\"@id\":\"https:\/\/moraistavares.adv.br\/blog\/lgpd-para-que\/#article\",\"isPartOf\":{\"@id\":\"https:\/\/moraistavares.adv.br\/blog\/lgpd-para-que\/#webpage\"},\"author\":{\"@id\":\"https:\/\/moraistavares.adv.br\/blog\/#\/schema\/person\/50985d3ae4b2de3d7bfbb05a215e0ff5\"},\"headline\":\"LGPD para que?\",\"datePublished\":\"2023-03-19T20:35:28+00:00\",\"dateModified\":\"2023-03-19T20:35:28+00:00\",\"mainEntityOfPage\":{\"@id\":\"https:\/\/moraistavares.adv.br\/blog\/lgpd-para-que\/#webpage\"},\"publisher\":{\"@id\":\"https:\/\/moraistavares.adv.br\/blog\/#organization\"},\"image\":{\"@id\":\"https:\/\/moraistavares.adv.br\/blog\/lgpd-para-que\/#primaryimage\"},\"keywords\":\"cidad\\u00e3osbrasileiros,dados,decis\\u00e3opolemica,direitosfundamentais,lgpd,privacidade,prote\\u00e7\\u00e3odedadospessoais,responsabilidadesocial,seguran\\u00e7adainforma\\u00e7\\u00e3o,STJ\",\"articleSection\":\"LGPD\",\"inLanguage\":\"pt-BR\"},{\"@type\":\"Person\",\"@id\":\"https:\/\/moraistavares.adv.br\/blog\/#\/schema\/person\/50985d3ae4b2de3d7bfbb05a215e0ff5\",\"name\":\"Morais Tavares\",\"image\":{\"@type\":\"ImageObject\",\"@id\":\"https:\/\/moraistavares.adv.br\/blog\/#personlogo\",\"inLanguage\":\"pt-BR\",\"url\":\"https:\/\/secure.gravatar.com\/avatar\/9ce3d5303757237045117d3e94d9f8f1?s=96&d=mm&r=g\",\"caption\":\"Morais Tavares\"}}]}<\/script>\r\n<!-- \/ Yoast SEO Premium plugin. -->","_links":{"self":[{"href":"https:\/\/moraistavares.adv.br\/blog\/wp-json\/wp\/v2\/posts\/730"}],"collection":[{"href":"https:\/\/moraistavares.adv.br\/blog\/wp-json\/wp\/v2\/posts"}],"about":[{"href":"https:\/\/moraistavares.adv.br\/blog\/wp-json\/wp\/v2\/types\/post"}],"author":[{"embeddable":true,"href":"https:\/\/moraistavares.adv.br\/blog\/wp-json\/wp\/v2\/users\/1"}],"replies":[{"embeddable":true,"href":"https:\/\/moraistavares.adv.br\/blog\/wp-json\/wp\/v2\/comments?post=730"}],"version-history":[{"count":1,"href":"https:\/\/moraistavares.adv.br\/blog\/wp-json\/wp\/v2\/posts\/730\/revisions"}],"predecessor-version":[{"id":731,"href":"https:\/\/moraistavares.adv.br\/blog\/wp-json\/wp\/v2\/posts\/730\/revisions\/731"}],"wp:featuredmedia":[{"embeddable":true,"href":"https:\/\/moraistavares.adv.br\/blog\/wp-json\/wp\/v2\/media\/732"}],"wp:attachment":[{"href":"https:\/\/moraistavares.adv.br\/blog\/wp-json\/wp\/v2\/media?parent=730"}],"wp:term":[{"taxonomy":"category","embeddable":true,"href":"https:\/\/moraistavares.adv.br\/blog\/wp-json\/wp\/v2\/categories?post=730"},{"taxonomy":"post_tag","embeddable":true,"href":"https:\/\/moraistavares.adv.br\/blog\/wp-json\/wp\/v2\/tags?post=730"}],"curies":[{"name":"wp","href":"https:\/\/api.w.org\/{rel}","templated":true}]}}