{"id":704,"date":"2022-06-11T15:45:27","date_gmt":"2022-06-11T18:45:27","guid":{"rendered":"https:\/\/moraistavares.adv.br\/blog\/?p=704"},"modified":"2022-06-11T15:45:27","modified_gmt":"2022-06-11T18:45:27","slug":"planos-de-saude-entenda-o-que-muda-e-saiba-consultar-os-procedimentos-obrigatorios","status":"publish","type":"post","link":"https:\/\/moraistavares.adv.br\/blog\/planos-de-saude-entenda-o-que-muda-e-saiba-consultar-os-procedimentos-obrigatorios\/","title":{"rendered":"Planos de sa\u00fade: entenda o que muda e saiba consultar os procedimentos obrigat\u00f3rios"},"content":{"rendered":"<p>Segunda Se\u00e7\u00e3o do Superior Tribunal de Justi\u00e7a (STJ) decidiu na quarta-feira (8\/06\/22) <b><a href=\"https:\/\/www.cnnbrasil.com.br\/business\/maioria-do-stj-entende-que-plano-de-saude-nao-e-obrigado-a-arcar-com-procedimento-fora-do-rol\/\" target=\"_blank\" rel=\"noopener\">restringir os procedimentos oferecidos pelas operadoras de planos de sa\u00fade no pa\u00eds<\/a><\/b>.<\/p>\n<p>Os ministros definiram que a natureza do rol da <strong>Ag\u00eancia Nacional de Sa\u00fade Suplementar (<a href=\"https:\/\/www.gov.br\/ans\/pt-br\" target=\"_blank\" rel=\"noopener\">ANS<\/a>)<\/strong> \u00e9 taxativo, o que desobriga empresas de cobrir pedidos m\u00e9dicos que estejam fora da lista.<\/p>\n<p>O entendimento afeta os cerca de 49 milh\u00f5es de brasileiros que contam com planos de assist\u00eancia m\u00e9dica.<\/p>\n<p>Entenda mais sobre a decis\u00e3o e saiba como consultar a lista completa:<\/p>\n<p>&nbsp;<\/p>\n<h3>O que \u00e9 o rol da ANS?<\/h3>\n<p>O <strong>rol da ANS<\/strong> consiste em uma lista de \u201cprocedimentos considerados indispens\u00e1veis ao diagn\u00f3stico, tratamento e acompanhamento de doen\u00e7as e eventos em sa\u00fade\u201d que os planos de assist\u00eancia m\u00e9dica do pa\u00eds s\u00e3o obrigados a oferecer.<\/p>\n<p>A obrigatoriedade de procedimentos, por\u00e9m, varia de acordo com o tipo de plano assinado: ambulatorial, hospitalar \u2013 com ou sem obstetr\u00edcia \u2013, refer\u00eancia ou odontol\u00f3gico.<\/p>\n<p>A lista vigente foi aprovada pela <strong>ANS<\/strong> em fevereiro de 2021 e passou a valer em abril daquele mesmo ano. Os mais de 3 mil procedimentos listados podem ser consultados no site da ag\u00eancia.<\/p>\n<p>&nbsp;<\/p>\n<h3>Qual \u00e9 a diferen\u00e7a entre interpreta\u00e7\u00e3o taxativa e exemplificativa?<\/h3>\n<p>Na <strong>interpreta\u00e7\u00e3o exemplificativa<\/strong>, a lista de procedimentos cobertos pelos planos cont\u00e9m alguns itens, mas as operadoras tamb\u00e9m devem atender outros que tenham as mesmas finalidades, se houver justificativa cl\u00ednica do m\u00e9dico respons\u00e1vel. Isso permitia que fam\u00edlias recorressem \u00e0 Justi\u00e7a para que o direito \u00e0 cobertura pelo plano fosse garantido.<\/p>\n<p>J\u00e1 na <strong>interpreta\u00e7\u00e3o taxativa<\/strong>, os itens descritos no rol seriam os \u00fanicos que poderiam ser exigidos aos planos. Com isso, o pedido para tratamentos equivalentes poderia ser negado, sem chance de reconhecimento pela via judicial.<\/p>\n<p>&nbsp;<\/p>\n<h3>Por que o STJ estava discutindo a natureza do rol da ANS?<\/h3>\n<p>A Corte avaliava dois recursos desde setembro de 2021.<\/p>\n<p>Eles buscavam uniformizar a jurisprud\u00eancia interna do tribunal, para que n\u00e3o haja entendimentos diversos \u2014 ou seja, decis\u00f5es divergentes da mesma Corte, como acontecia.<\/p>\n<p>&nbsp;<\/p>\n<h3>O que o STJ decidiu?<\/h3>\n<p>O STJ decidiu restringir os procedimentos oferecidos pelas operadoras de planos de sa\u00fade no pa\u00eds.<\/p>\n<p>Seis dos nove ministros integrantes do colegiado votaram a favor da fixa\u00e7\u00e3o do rol taxativo, que desobriga as empresas a cobrir pedidos m\u00e9dicos que n\u00e3o estejam previstos na lista da ANS.<\/p>\n<p>&nbsp;<\/p>\n<h3>A decis\u00e3o foi pelo rol taxativo, mas h\u00e1 exce\u00e7\u00f5es?<\/h3>\n<p>Caso n\u00e3o haja substituto terap\u00eautico ou esgotados os procedimentos do rol, pode haver a t\u00edtulo excepcional a cobertura do tratamento indicado pelo m\u00e9dico ou odont\u00f3logo.<\/p>\n<p>Mas, para isso, \u00e9 necess\u00e1rio que: n\u00e3o tenha sido indeferida pela ANS a incorpora\u00e7\u00e3o do procedimento ao rol; haja a comprova\u00e7\u00e3o da efic\u00e1cia do tratamento \u00e0 luz da medicina; haja recomenda\u00e7\u00f5es de \u00f3rg\u00e3os t\u00e9cnicos de renome nacional e estrangeiro, como Conitec e Natjus; seja realizado quando poss\u00edvel o di\u00e1logo interinstitucional dos magistrados com experts na \u00e1rea da sa\u00fade, sem deslocamento da compet\u00eancia do julgamento do feito para a Justi\u00e7a Federal.<\/p>\n<p>&nbsp;<\/p>\n<h3>Qual a posi\u00e7\u00e3o de grupos de pais e m\u00e3es de crian\u00e7as com defici\u00eancia?<\/h3>\n<p>Consumidores e grupos de pais e m\u00e3es com defici\u00eancia defendiam a interpreta\u00e7\u00e3o exemplificativa.<\/p>\n<p>Eles apontam que o rol \u00e9 insuficiente e que a ANS n\u00e3o atualiza a lista de forma eficaz.<\/p>\n<p>Por isso, temem pela interrup\u00e7\u00e3o de tratamento de pacientes com c\u00e2ncer e crian\u00e7as com autismo, por exemplo.<\/p>\n<blockquote><p>\u201cJ\u00e1 que a medicina \u00e9 uma ci\u00eancia (sempre) em desenvolvimento, o rol n\u00e3o pode ser taxativo em hip\u00f3tese alguma sob o risco de matar uma pessoa\u201d, disse Vanessa Ziotti, diretora jur\u00eddica do Instituto Lagarta Vira Pupa. A institui\u00e7\u00e3o, agora, pretende ir at\u00e9 o Supremo Tribunal Federal (STF) contestar a decis\u00e3o do STJ.<\/p><\/blockquote>\n<p>&nbsp;<\/p>\n<h3>Qual era o entendimento da pr\u00f3pria ANS?<\/h3>\n<p>A <strong>ANS<\/strong> aponta que a taxatividade do rol \u00e9 imposta por lei desde 2000.<\/p>\n<p>Ao Estad\u00e3o, a ag\u00eancia ainda destacou que, por se tratar de \u201cmedida extremamente sens\u00edvel no mercado de planos de sa\u00fade\u201d, vem aprimorando o rito de atualiza\u00e7\u00e3o da lista.<\/p>\n<p>\u201cTornando-o mais acess\u00edvel e c\u00e9lere, bem como garantindo extensa participa\u00e7\u00e3o social e primando pela seguran\u00e7a dos procedimentos e eventos em sa\u00fade incorporados, com base no que h\u00e1 de mais moderno em ATS (avalia\u00e7\u00e3o de tecnologias em sa\u00fade).\u201d<\/p>\n<p>&nbsp;<\/p>\n<h3>O que defendiam as operadoras?<\/h3>\n<p>As operadoras pediam pelo rol taxativo. Isso por duas raz\u00f5es principais: mais seguran\u00e7a jur\u00eddica e porque a lista \u00e9 usada para definir o pre\u00e7o dos planos.<\/p>\n<blockquote><p>\u201cFormular o pre\u00e7o de um produto sem limite de cobertura, que compreenda todo e qualquer procedimento, medicamento e tratamento existente, pode tornar invi\u00e1vel o acesso a um plano de sa\u00fade e colocar a continuidade da sa\u00fade suplementar no Brasil em xeque\u201d, declarou a Associa\u00e7\u00e3o Brasileira de Planos de Sa\u00fade (Abramge), ao Estad\u00e3o.<\/p><\/blockquote>\n<p>&nbsp;<\/p>\n<p><strong>Fonte:<\/strong>\u00a0<a href=\"https:\/\/expresso.estadao.com.br\/naperifa\/rol-da-ans-entenda-a-decisao-do-stj-e-saiba-como-consultar-a-lista\/\" target=\"_blank\" rel=\"noopener\"><b>Estad\u00e3o<\/b><\/a><\/p>\n<p>&nbsp;<\/p>\n","protected":false},"excerpt":{"rendered":"<p>Segunda Se\u00e7\u00e3o do Superior Tribunal de Justi\u00e7a (STJ) decidiu na quarta-feira (8\/06\/22) restringir os procedimentos [&hellip;]<\/p>\n","protected":false},"author":1,"featured_media":706,"comment_status":"closed","ping_status":"open","sticky":false,"template":"","format":"standard","meta":[],"categories":[66,19],"tags":[517,472,192],"yoast_head":"<!-- This site is optimized with the Yoast SEO Premium plugin v15.6.2 - https:\/\/yoast.com\/wordpress\/plugins\/seo\/ -->\r\n<title>Planos de sa\u00fade: entenda o que muda e saiba consultar os procedimentos obrigat\u00f3rios - Blog Morais &amp; Tavares Advogados<\/title>\r\n<meta name=\"description\" content=\"O STJ restringiu os procedimentos oferecidos pelas operadoras de planos de sa\u00fade no pa\u00eds. Saiba o que \u00e9 coberto pelo seu plano de sa\u00fade.\" \/>\r\n<meta name=\"robots\" content=\"index, follow, max-snippet:-1, max-image-preview:large, max-video-preview:-1\" \/>\r\n<link rel=\"canonical\" href=\"https:\/\/moraistavares.adv.br\/blog\/planos-de-saude-entenda-o-que-muda-e-saiba-consultar-os-procedimentos-obrigatorios\/\" \/>\r\n<meta property=\"og:locale\" content=\"pt_BR\" \/>\r\n<meta property=\"og:type\" content=\"article\" \/>\r\n<meta property=\"og:title\" content=\"Planos de sa\u00fade: entenda o que muda e saiba consultar os procedimentos obrigat\u00f3rios - Blog Morais &amp; Tavares Advogados\" \/>\r\n<meta property=\"og:description\" content=\"O STJ restringiu os procedimentos oferecidos pelas operadoras de planos de sa\u00fade no pa\u00eds. Saiba o que \u00e9 coberto pelo seu plano de sa\u00fade.\" \/>\r\n<meta property=\"og:url\" content=\"https:\/\/moraistavares.adv.br\/blog\/planos-de-saude-entenda-o-que-muda-e-saiba-consultar-os-procedimentos-obrigatorios\/\" \/>\r\n<meta property=\"og:site_name\" content=\"Blog Morais &amp; Tavares Advogados\" \/>\r\n<meta property=\"article:publisher\" content=\"https:\/\/www.facebook.com\/moraistavaresadvogados\/\" \/>\r\n<meta property=\"article:published_time\" content=\"2022-06-11T18:45:27+00:00\" \/>\r\n<meta property=\"og:image\" content=\"https:\/\/moraistavares.adv.br\/blog\/wp-content\/uploads\/2022\/06\/planos-de-saude.png\" \/>\r\n\t<meta property=\"og:image:width\" content=\"1200\" \/>\r\n\t<meta property=\"og:image:height\" content=\"439\" \/>\r\n<meta name=\"twitter:card\" content=\"summary_large_image\" \/>\r\n<meta name=\"twitter:creator\" content=\"@moraisetavares\" \/>\r\n<meta name=\"twitter:site\" content=\"@moraisetavares\" \/>\r\n<meta name=\"twitter:label1\" content=\"Est. reading time\">\n\t<meta name=\"twitter:data1\" content=\"4 minutos\">\r\n<script type=\"application\/ld+json\" class=\"yoast-schema-graph\">{\"@context\":\"https:\/\/schema.org\",\"@graph\":[{\"@type\":\"Organization\",\"@id\":\"https:\/\/moraistavares.adv.br\/blog\/#organization\",\"name\":\"Morais & Tavares Advogados Associados\",\"url\":\"https:\/\/moraistavares.adv.br\/blog\/\",\"sameAs\":[\"https:\/\/www.facebook.com\/moraistavaresadvogados\/\",\"https:\/\/www.instagram.com\/moraistavaresadv\/\",\"https:\/\/www.linkedin.com\/company\/morais-tavares-advogados-associados\/\",\"https:\/\/twitter.com\/moraisetavares\"],\"logo\":{\"@type\":\"ImageObject\",\"@id\":\"https:\/\/moraistavares.adv.br\/blog\/#logo\",\"inLanguage\":\"pt-BR\",\"url\":\"https:\/\/moraistavares.adv.br\/blog\/wp-content\/uploads\/2020\/09\/cropped-logo-morais-e-tavares.png\",\"width\":282,\"height\":110,\"caption\":\"Morais & Tavares Advogados Associados\"},\"image\":{\"@id\":\"https:\/\/moraistavares.adv.br\/blog\/#logo\"}},{\"@type\":\"WebSite\",\"@id\":\"https:\/\/moraistavares.adv.br\/blog\/#website\",\"url\":\"https:\/\/moraistavares.adv.br\/blog\/\",\"name\":\"Blog Morais & Tavares Advogados\",\"description\":\"Not\\u00edcias e Informa\\u00e7\\u00f5es do escrit\\u00f3rio Morais &amp; Tavares Advogados Associados\",\"publisher\":{\"@id\":\"https:\/\/moraistavares.adv.br\/blog\/#organization\"},\"potentialAction\":[{\"@type\":\"SearchAction\",\"target\":\"https:\/\/moraistavares.adv.br\/blog\/?s={search_term_string}\",\"query-input\":\"required name=search_term_string\"}],\"inLanguage\":\"pt-BR\"},{\"@type\":\"ImageObject\",\"@id\":\"https:\/\/moraistavares.adv.br\/blog\/planos-de-saude-entenda-o-que-muda-e-saiba-consultar-os-procedimentos-obrigatorios\/#primaryimage\",\"inLanguage\":\"pt-BR\",\"url\":\"https:\/\/moraistavares.adv.br\/blog\/wp-content\/uploads\/2022\/06\/planos-de-saude.png\",\"width\":1200,\"height\":439,\"caption\":\"Planos de sa\\u00fade: entenda o que muda e saiba consultar os procedimentos obrigat\\u00f3rios\"},{\"@type\":\"WebPage\",\"@id\":\"https:\/\/moraistavares.adv.br\/blog\/planos-de-saude-entenda-o-que-muda-e-saiba-consultar-os-procedimentos-obrigatorios\/#webpage\",\"url\":\"https:\/\/moraistavares.adv.br\/blog\/planos-de-saude-entenda-o-que-muda-e-saiba-consultar-os-procedimentos-obrigatorios\/\",\"name\":\"Planos de sa\\u00fade: entenda o que muda e saiba consultar os procedimentos obrigat\\u00f3rios - Blog Morais &amp; Tavares Advogados\",\"isPartOf\":{\"@id\":\"https:\/\/moraistavares.adv.br\/blog\/#website\"},\"primaryImageOfPage\":{\"@id\":\"https:\/\/moraistavares.adv.br\/blog\/planos-de-saude-entenda-o-que-muda-e-saiba-consultar-os-procedimentos-obrigatorios\/#primaryimage\"},\"datePublished\":\"2022-06-11T18:45:27+00:00\",\"dateModified\":\"2022-06-11T18:45:27+00:00\",\"description\":\"O STJ restringiu os procedimentos oferecidos pelas operadoras de planos de sa\\u00fade no pa\\u00eds. Saiba o que \\u00e9 coberto pelo seu plano de sa\\u00fade.\",\"inLanguage\":\"pt-BR\",\"potentialAction\":[{\"@type\":\"ReadAction\",\"target\":[\"https:\/\/moraistavares.adv.br\/blog\/planos-de-saude-entenda-o-que-muda-e-saiba-consultar-os-procedimentos-obrigatorios\/\"]}]},{\"@type\":\"Article\",\"@id\":\"https:\/\/moraistavares.adv.br\/blog\/planos-de-saude-entenda-o-que-muda-e-saiba-consultar-os-procedimentos-obrigatorios\/#article\",\"isPartOf\":{\"@id\":\"https:\/\/moraistavares.adv.br\/blog\/planos-de-saude-entenda-o-que-muda-e-saiba-consultar-os-procedimentos-obrigatorios\/#webpage\"},\"author\":{\"@id\":\"https:\/\/moraistavares.adv.br\/blog\/#\/schema\/person\/50985d3ae4b2de3d7bfbb05a215e0ff5\"},\"headline\":\"Planos de sa\\u00fade: entenda o que muda e saiba consultar os procedimentos obrigat\\u00f3rios\",\"datePublished\":\"2022-06-11T18:45:27+00:00\",\"dateModified\":\"2022-06-11T18:45:27+00:00\",\"mainEntityOfPage\":{\"@id\":\"https:\/\/moraistavares.adv.br\/blog\/planos-de-saude-entenda-o-que-muda-e-saiba-consultar-os-procedimentos-obrigatorios\/#webpage\"},\"publisher\":{\"@id\":\"https:\/\/moraistavares.adv.br\/blog\/#organization\"},\"image\":{\"@id\":\"https:\/\/moraistavares.adv.br\/blog\/planos-de-saude-entenda-o-que-muda-e-saiba-consultar-os-procedimentos-obrigatorios\/#primaryimage\"},\"keywords\":\"#roldaans,ans,planosdesaude\",\"articleSection\":\"Direito do Consumidor,Direito M\\u00e9dico\",\"inLanguage\":\"pt-BR\"},{\"@type\":\"Person\",\"@id\":\"https:\/\/moraistavares.adv.br\/blog\/#\/schema\/person\/50985d3ae4b2de3d7bfbb05a215e0ff5\",\"name\":\"Morais Tavares\",\"image\":{\"@type\":\"ImageObject\",\"@id\":\"https:\/\/moraistavares.adv.br\/blog\/#personlogo\",\"inLanguage\":\"pt-BR\",\"url\":\"https:\/\/secure.gravatar.com\/avatar\/9ce3d5303757237045117d3e94d9f8f1?s=96&d=mm&r=g\",\"caption\":\"Morais Tavares\"}}]}<\/script>\r\n<!-- \/ Yoast SEO Premium plugin. -->","_links":{"self":[{"href":"https:\/\/moraistavares.adv.br\/blog\/wp-json\/wp\/v2\/posts\/704"}],"collection":[{"href":"https:\/\/moraistavares.adv.br\/blog\/wp-json\/wp\/v2\/posts"}],"about":[{"href":"https:\/\/moraistavares.adv.br\/blog\/wp-json\/wp\/v2\/types\/post"}],"author":[{"embeddable":true,"href":"https:\/\/moraistavares.adv.br\/blog\/wp-json\/wp\/v2\/users\/1"}],"replies":[{"embeddable":true,"href":"https:\/\/moraistavares.adv.br\/blog\/wp-json\/wp\/v2\/comments?post=704"}],"version-history":[{"count":1,"href":"https:\/\/moraistavares.adv.br\/blog\/wp-json\/wp\/v2\/posts\/704\/revisions"}],"predecessor-version":[{"id":705,"href":"https:\/\/moraistavares.adv.br\/blog\/wp-json\/wp\/v2\/posts\/704\/revisions\/705"}],"wp:featuredmedia":[{"embeddable":true,"href":"https:\/\/moraistavares.adv.br\/blog\/wp-json\/wp\/v2\/media\/706"}],"wp:attachment":[{"href":"https:\/\/moraistavares.adv.br\/blog\/wp-json\/wp\/v2\/media?parent=704"}],"wp:term":[{"taxonomy":"category","embeddable":true,"href":"https:\/\/moraistavares.adv.br\/blog\/wp-json\/wp\/v2\/categories?post=704"},{"taxonomy":"post_tag","embeddable":true,"href":"https:\/\/moraistavares.adv.br\/blog\/wp-json\/wp\/v2\/tags?post=704"}],"curies":[{"name":"wp","href":"https:\/\/api.w.org\/{rel}","templated":true}]}}