{"id":633,"date":"2021-08-01T16:03:40","date_gmt":"2021-08-01T19:03:40","guid":{"rendered":"https:\/\/moraistavares.adv.br\/blog\/?p=633"},"modified":"2021-08-01T16:03:40","modified_gmt":"2021-08-01T19:03:40","slug":"operadora-de-plano-de-saude-pode-cobrar-recomposicao-do-aumento-de-2020-em-planos-cancelados-em-2021","status":"publish","type":"post","link":"https:\/\/moraistavares.adv.br\/blog\/operadora-de-plano-de-saude-pode-cobrar-recomposicao-do-aumento-de-2020-em-planos-cancelados-em-2021\/","title":{"rendered":"Operadora de plano de sa\u00fade pode cobrar recomposi\u00e7\u00e3o do aumento de 2020 em planos cancelados em 2021"},"content":{"rendered":"<div class=\"\" data-block=\"true\" data-editor=\"8pqpa\" data-offset-key=\"a6t17-0-0\">\n<h1 class=\"_1mf _1mj\" data-offset-key=\"a6t17-0-0\"><span data-offset-key=\"a6t17-0-0\">Operadora de plano de sa\u00fade pode cobrar recomposi\u00e7\u00e3o do aumento de 2020 em planos cancelados em 2021<\/span><\/h1>\n<\/div>\n<div class=\"\" data-block=\"true\" data-editor=\"8pqpa\" data-offset-key=\"9i09i-0-0\">\n<div class=\"_1mf _1mj\" data-offset-key=\"9i09i-0-0\"><span data-offset-key=\"9i09i-0-0\">\u00a0<\/span><\/div>\n<\/div>\n<div class=\"\" data-block=\"true\" data-editor=\"8pqpa\" data-offset-key=\"bks16-0-0\">\n<div class=\"_1mf _1mj\" data-offset-key=\"bks16-0-0\"><span data-offset-key=\"bks16-0-0\">No ano de 2020 as operadoras de planos de sa\u00fade foram proibidas de cobrar o reajuste anual devido a pandemia e, em 2021 as operadoras puderam realizar a cobran\u00e7a relativa ao aumento de 2020 em 12 parcelas, o que foi chamado de Recomposi\u00e7\u00e3o.<\/span><\/div>\n<\/div>\n<div class=\"\" data-block=\"true\" data-editor=\"8pqpa\" data-offset-key=\"eqs5b-0-0\">\n<div class=\"_1mf _1mj\" data-offset-key=\"eqs5b-0-0\"><span data-offset-key=\"eqs5b-0-0\">\u00a0<\/span><\/div>\n<\/div>\n<div class=\"\" data-block=\"true\" data-editor=\"8pqpa\" data-offset-key=\"28fug-0-0\">\n<div class=\"_1mf _1mj\" data-offset-key=\"28fug-0-0\"><span data-offset-key=\"28fug-0-0\">Contudo, muitos benefici\u00e1rios cancelaram seus planos devido a dificuldade financeira. Por\u00e9m, as operadoras podem mesmo assim, cobrar a Recomposi\u00e7\u00e3o daqueles que cancelaram seus planos posteriormente, pois a cobran\u00e7a diz respeito a uma presta\u00e7\u00e3o de servi\u00e7os que estava \u00e0 disposi\u00e7\u00e3o do benefici\u00e1rio.<\/span><\/div>\n<\/div>\n<div class=\"\" data-block=\"true\" data-editor=\"8pqpa\" data-offset-key=\"f1dq8-0-0\">\n<div class=\"_1mf _1mj\" data-offset-key=\"f1dq8-0-0\"><span data-offset-key=\"f1dq8-0-0\">\u00a0<\/span><\/div>\n<\/div>\n<div class=\"\" data-block=\"true\" data-editor=\"8pqpa\" data-offset-key=\"7grkg-0-0\">\n<div class=\"_1mf _1mj\" data-offset-key=\"7grkg-0-0\"><span class=\"_5zk7\" spellcheck=\"false\" data-offset-key=\"7grkg-0-0\"><span data-offset-key=\"7grkg-0-0\">#recomposi\u00e7\u00e3o<\/span><\/span> <span class=\"_5zk7\" spellcheck=\"false\" data-offset-key=\"7grkg-2-0\"><span data-offset-key=\"7grkg-2-0\">#aumentoplanodesaude<\/span><\/span> <span class=\"_5zk7\" spellcheck=\"false\" data-offset-key=\"7grkg-4-0\"><span data-offset-key=\"7grkg-4-0\">#planosdesaude<\/span><\/span> <span class=\"_5zk7\" spellcheck=\"false\" data-offset-key=\"7grkg-6-0\"><span data-offset-key=\"7grkg-6-0\">#direitomedico<\/span><\/span> <span class=\"_5zk7\" spellcheck=\"false\" data-offset-key=\"7grkg-8-0\"><span data-offset-key=\"7grkg-8-0\">#advogadodireitomedico<\/span><\/span> <span class=\"_5zk7\" spellcheck=\"false\" data-offset-key=\"7grkg-10-0\"><span data-offset-key=\"7grkg-10-0\">#moraistavaresadvogados<\/span><\/span><\/div>\n<\/div>\n","protected":false},"excerpt":{"rendered":"<p>Operadora de plano de sa\u00fade pode cobrar recomposi\u00e7\u00e3o do aumento de 2020 em planos cancelados [&hellip;]<\/p>\n","protected":false},"author":1,"featured_media":434,"comment_status":"closed","ping_status":"open","sticky":false,"template":"","format":"standard","meta":[],"categories":[19],"tags":[164,489,138,101,192,488],"yoast_head":"<!-- This site is optimized with the Yoast SEO Premium plugin v15.6.2 - https:\/\/yoast.com\/wordpress\/plugins\/seo\/ -->\r\n<title>Operadora de plano de sa\u00fade pode cobrar recomposi\u00e7\u00e3o do aumento de 2020 em planos cancelados em 2021 - Blog Morais &amp; Tavares Advogados<\/title>\r\n<meta name=\"description\" content=\"No ano de 2020 as operadoras de planos de sa\u00fade foram proibidas de cobrar o reajuste anual devido a pandemia e, em 2021 as operadoras puderam realizar a cobran\u00e7a relativa ao aumento de 2020 em 12 parcelas, o que foi chamado de Recomposi\u00e7\u00e3o.\" \/>\r\n<meta name=\"robots\" content=\"index, follow, max-snippet:-1, max-image-preview:large, max-video-preview:-1\" \/>\r\n<link rel=\"canonical\" href=\"https:\/\/moraistavares.adv.br\/blog\/operadora-de-plano-de-saude-pode-cobrar-recomposicao-do-aumento-de-2020-em-planos-cancelados-em-2021\/\" \/>\r\n<meta property=\"og:locale\" content=\"pt_BR\" \/>\r\n<meta property=\"og:type\" content=\"article\" \/>\r\n<meta property=\"og:title\" content=\"Operadora de plano de sa\u00fade pode cobrar recomposi\u00e7\u00e3o do aumento de 2020 em planos cancelados em 2021 - Blog Morais &amp; Tavares Advogados\" \/>\r\n<meta property=\"og:description\" content=\"No ano de 2020 as operadoras de planos de sa\u00fade foram proibidas de cobrar o reajuste anual devido a pandemia e, em 2021 as operadoras puderam realizar a cobran\u00e7a relativa ao aumento de 2020 em 12 parcelas, o que foi chamado de Recomposi\u00e7\u00e3o.\" \/>\r\n<meta property=\"og:url\" content=\"https:\/\/moraistavares.adv.br\/blog\/operadora-de-plano-de-saude-pode-cobrar-recomposicao-do-aumento-de-2020-em-planos-cancelados-em-2021\/\" \/>\r\n<meta property=\"og:site_name\" content=\"Blog Morais &amp; Tavares Advogados\" \/>\r\n<meta property=\"article:publisher\" content=\"https:\/\/www.facebook.com\/moraistavaresadvogados\/\" \/>\r\n<meta property=\"article:published_time\" content=\"2021-08-01T19:03:40+00:00\" \/>\r\n<meta property=\"og:image\" content=\"https:\/\/moraistavares.adv.br\/blog\/wp-content\/uploads\/2021\/04\/advogado-planos-de-saude.jpg\" \/>\r\n\t<meta property=\"og:image:width\" content=\"1200\" \/>\r\n\t<meta property=\"og:image:height\" content=\"439\" \/>\r\n<meta name=\"twitter:card\" content=\"summary_large_image\" \/>\r\n<meta name=\"twitter:creator\" content=\"@moraisetavares\" \/>\r\n<meta name=\"twitter:site\" content=\"@moraisetavares\" \/>\r\n<meta name=\"twitter:label1\" content=\"Est. reading time\">\n\t<meta name=\"twitter:data1\" content=\"1 minuto\">\r\n<script type=\"application\/ld+json\" class=\"yoast-schema-graph\">{\"@context\":\"https:\/\/schema.org\",\"@graph\":[{\"@type\":\"Organization\",\"@id\":\"https:\/\/moraistavares.adv.br\/blog\/#organization\",\"name\":\"Morais & Tavares Advogados Associados\",\"url\":\"https:\/\/moraistavares.adv.br\/blog\/\",\"sameAs\":[\"https:\/\/www.facebook.com\/moraistavaresadvogados\/\",\"https:\/\/www.instagram.com\/moraistavaresadv\/\",\"https:\/\/www.linkedin.com\/company\/morais-tavares-advogados-associados\/\",\"https:\/\/twitter.com\/moraisetavares\"],\"logo\":{\"@type\":\"ImageObject\",\"@id\":\"https:\/\/moraistavares.adv.br\/blog\/#logo\",\"inLanguage\":\"pt-BR\",\"url\":\"https:\/\/moraistavares.adv.br\/blog\/wp-content\/uploads\/2020\/09\/cropped-logo-morais-e-tavares.png\",\"width\":282,\"height\":110,\"caption\":\"Morais & Tavares Advogados Associados\"},\"image\":{\"@id\":\"https:\/\/moraistavares.adv.br\/blog\/#logo\"}},{\"@type\":\"WebSite\",\"@id\":\"https:\/\/moraistavares.adv.br\/blog\/#website\",\"url\":\"https:\/\/moraistavares.adv.br\/blog\/\",\"name\":\"Blog Morais & Tavares Advogados\",\"description\":\"Not\\u00edcias e Informa\\u00e7\\u00f5es do escrit\\u00f3rio Morais &amp; Tavares Advogados Associados\",\"publisher\":{\"@id\":\"https:\/\/moraistavares.adv.br\/blog\/#organization\"},\"potentialAction\":[{\"@type\":\"SearchAction\",\"target\":\"https:\/\/moraistavares.adv.br\/blog\/?s={search_term_string}\",\"query-input\":\"required name=search_term_string\"}],\"inLanguage\":\"pt-BR\"},{\"@type\":\"ImageObject\",\"@id\":\"https:\/\/moraistavares.adv.br\/blog\/operadora-de-plano-de-saude-pode-cobrar-recomposicao-do-aumento-de-2020-em-planos-cancelados-em-2021\/#primaryimage\",\"inLanguage\":\"pt-BR\",\"url\":\"https:\/\/moraistavares.adv.br\/blog\/wp-content\/uploads\/2021\/04\/advogado-planos-de-saude.jpg\",\"width\":1200,\"height\":439,\"caption\":\"advogado planos de sa\\u00fade\"},{\"@type\":\"WebPage\",\"@id\":\"https:\/\/moraistavares.adv.br\/blog\/operadora-de-plano-de-saude-pode-cobrar-recomposicao-do-aumento-de-2020-em-planos-cancelados-em-2021\/#webpage\",\"url\":\"https:\/\/moraistavares.adv.br\/blog\/operadora-de-plano-de-saude-pode-cobrar-recomposicao-do-aumento-de-2020-em-planos-cancelados-em-2021\/\",\"name\":\"Operadora de plano de sa\\u00fade pode cobrar recomposi\\u00e7\\u00e3o do aumento de 2020 em planos cancelados em 2021 - Blog Morais &amp; Tavares Advogados\",\"isPartOf\":{\"@id\":\"https:\/\/moraistavares.adv.br\/blog\/#website\"},\"primaryImageOfPage\":{\"@id\":\"https:\/\/moraistavares.adv.br\/blog\/operadora-de-plano-de-saude-pode-cobrar-recomposicao-do-aumento-de-2020-em-planos-cancelados-em-2021\/#primaryimage\"},\"datePublished\":\"2021-08-01T19:03:40+00:00\",\"dateModified\":\"2021-08-01T19:03:40+00:00\",\"description\":\"No ano de 2020 as operadoras de planos de sa\\u00fade foram proibidas de cobrar o reajuste anual devido a pandemia e, em 2021 as operadoras puderam realizar a cobran\\u00e7a relativa ao aumento de 2020 em 12 parcelas, o que foi chamado de Recomposi\\u00e7\\u00e3o.\",\"inLanguage\":\"pt-BR\",\"potentialAction\":[{\"@type\":\"ReadAction\",\"target\":[\"https:\/\/moraistavares.adv.br\/blog\/operadora-de-plano-de-saude-pode-cobrar-recomposicao-do-aumento-de-2020-em-planos-cancelados-em-2021\/\"]}]},{\"@type\":\"Article\",\"@id\":\"https:\/\/moraistavares.adv.br\/blog\/operadora-de-plano-de-saude-pode-cobrar-recomposicao-do-aumento-de-2020-em-planos-cancelados-em-2021\/#article\",\"isPartOf\":{\"@id\":\"https:\/\/moraistavares.adv.br\/blog\/operadora-de-plano-de-saude-pode-cobrar-recomposicao-do-aumento-de-2020-em-planos-cancelados-em-2021\/#webpage\"},\"author\":{\"@id\":\"https:\/\/moraistavares.adv.br\/blog\/#\/schema\/person\/50985d3ae4b2de3d7bfbb05a215e0ff5\"},\"headline\":\"Operadora de plano de sa\\u00fade pode cobrar recomposi\\u00e7\\u00e3o do aumento de 2020 em planos cancelados em 2021\",\"datePublished\":\"2021-08-01T19:03:40+00:00\",\"dateModified\":\"2021-08-01T19:03:40+00:00\",\"mainEntityOfPage\":{\"@id\":\"https:\/\/moraistavares.adv.br\/blog\/operadora-de-plano-de-saude-pode-cobrar-recomposicao-do-aumento-de-2020-em-planos-cancelados-em-2021\/#webpage\"},\"publisher\":{\"@id\":\"https:\/\/moraistavares.adv.br\/blog\/#organization\"},\"image\":{\"@id\":\"https:\/\/moraistavares.adv.br\/blog\/operadora-de-plano-de-saude-pode-cobrar-recomposicao-do-aumento-de-2020-em-planos-cancelados-em-2021\/#primaryimage\"},\"keywords\":\"advogadodireitomedico,aumentoplanodesaude,direitomedico,moraistavaresadvogados,planosdesaude,recomposi\\u00e7\\u00e3o\",\"articleSection\":\"Direito M\\u00e9dico\",\"inLanguage\":\"pt-BR\"},{\"@type\":\"Person\",\"@id\":\"https:\/\/moraistavares.adv.br\/blog\/#\/schema\/person\/50985d3ae4b2de3d7bfbb05a215e0ff5\",\"name\":\"Morais Tavares\",\"image\":{\"@type\":\"ImageObject\",\"@id\":\"https:\/\/moraistavares.adv.br\/blog\/#personlogo\",\"inLanguage\":\"pt-BR\",\"url\":\"https:\/\/secure.gravatar.com\/avatar\/9ce3d5303757237045117d3e94d9f8f1?s=96&d=mm&r=g\",\"caption\":\"Morais Tavares\"}}]}<\/script>\r\n<!-- \/ Yoast SEO Premium plugin. -->","_links":{"self":[{"href":"https:\/\/moraistavares.adv.br\/blog\/wp-json\/wp\/v2\/posts\/633"}],"collection":[{"href":"https:\/\/moraistavares.adv.br\/blog\/wp-json\/wp\/v2\/posts"}],"about":[{"href":"https:\/\/moraistavares.adv.br\/blog\/wp-json\/wp\/v2\/types\/post"}],"author":[{"embeddable":true,"href":"https:\/\/moraistavares.adv.br\/blog\/wp-json\/wp\/v2\/users\/1"}],"replies":[{"embeddable":true,"href":"https:\/\/moraistavares.adv.br\/blog\/wp-json\/wp\/v2\/comments?post=633"}],"version-history":[{"count":1,"href":"https:\/\/moraistavares.adv.br\/blog\/wp-json\/wp\/v2\/posts\/633\/revisions"}],"predecessor-version":[{"id":634,"href":"https:\/\/moraistavares.adv.br\/blog\/wp-json\/wp\/v2\/posts\/633\/revisions\/634"}],"wp:featuredmedia":[{"embeddable":true,"href":"https:\/\/moraistavares.adv.br\/blog\/wp-json\/wp\/v2\/media\/434"}],"wp:attachment":[{"href":"https:\/\/moraistavares.adv.br\/blog\/wp-json\/wp\/v2\/media?parent=633"}],"wp:term":[{"taxonomy":"category","embeddable":true,"href":"https:\/\/moraistavares.adv.br\/blog\/wp-json\/wp\/v2\/categories?post=633"},{"taxonomy":"post_tag","embeddable":true,"href":"https:\/\/moraistavares.adv.br\/blog\/wp-json\/wp\/v2\/tags?post=633"}],"curies":[{"name":"wp","href":"https:\/\/api.w.org\/{rel}","templated":true}]}}