{"id":622,"date":"2021-07-18T19:12:35","date_gmt":"2021-07-18T22:12:35","guid":{"rendered":"https:\/\/moraistavares.adv.br\/blog\/?p=622"},"modified":"2021-07-18T19:12:35","modified_gmt":"2021-07-18T22:12:35","slug":"o-que-e-plano-referencia","status":"publish","type":"post","link":"https:\/\/moraistavares.adv.br\/blog\/o-que-e-plano-referencia\/","title":{"rendered":"O que \u00e9 Plano Refer\u00eancia?"},"content":{"rendered":"<h2 class=\"cor-primaria\">O que \u00e9 Plano Refer\u00eancia?<\/h2>\n<p>Plano de Refer\u00eancia \u00e9 o plano padr\u00e3o que toda operadora de sa\u00fade deve oferecer como servi\u00e7os m\u00ednimos de assist\u00eancia m\u00e9dico-hospitalar.<\/p>\n<p>O Pano de Refer\u00eancia abrange o atendimento em consult\u00f3rios e interna\u00e7\u00e3o em padr\u00e3o enfermaria, com direito a parto, a UTI e a todos os exames e tratamentos necess\u00e1rios para diagnosticar ou tratar o problema de sa\u00fade, previstos no Rol de Procedimentos m\u00e9dicos institu\u00eddos pela Ag\u00eancia Nacional de Sa\u00fade Suplementar \u2013 ANS.<\/p>\n<p>#planodesaude #planorefer\u00eancia #planodesaudeempresarial #direitomedico #direitom\u00e9dico #advogadodireitomedico #moraistavaresadvogados<\/p>\n<p>&nbsp;<\/p>\n<p>&nbsp;<\/p>\n","protected":false},"excerpt":{"rendered":"<p>O que \u00e9 Plano Refer\u00eancia? Plano de Refer\u00eancia \u00e9 o plano padr\u00e3o que toda operadora [&hellip;]<\/p>\n","protected":false},"author":1,"featured_media":434,"comment_status":"closed","ping_status":"open","sticky":false,"template":"","format":"standard","meta":[],"categories":[19],"tags":[164,138,101,193,481,480],"yoast_head":"<!-- This site is optimized with the Yoast SEO Premium plugin v15.6.2 - https:\/\/yoast.com\/wordpress\/plugins\/seo\/ -->\r\n<title>O que \u00e9 Plano Refer\u00eancia? - Blog Morais &amp; Tavares Advogados<\/title>\r\n<meta name=\"description\" content=\"Plano de Refer\u00eancia \u00e9 o plano padr\u00e3o que toda operadora de sa\u00fade deve oferecer como servi\u00e7os m\u00ednimos de assist\u00eancia m\u00e9dico-hospitalar.\" \/>\r\n<meta name=\"robots\" content=\"index, follow, max-snippet:-1, max-image-preview:large, max-video-preview:-1\" \/>\r\n<link rel=\"canonical\" href=\"https:\/\/moraistavares.adv.br\/blog\/o-que-e-plano-referencia\/\" \/>\r\n<meta property=\"og:locale\" content=\"pt_BR\" \/>\r\n<meta property=\"og:type\" content=\"article\" \/>\r\n<meta property=\"og:title\" content=\"O que \u00e9 Plano Refer\u00eancia? - Blog Morais &amp; Tavares Advogados\" \/>\r\n<meta property=\"og:description\" content=\"Plano de Refer\u00eancia \u00e9 o plano padr\u00e3o que toda operadora de sa\u00fade deve oferecer como servi\u00e7os m\u00ednimos de assist\u00eancia m\u00e9dico-hospitalar.\" \/>\r\n<meta property=\"og:url\" content=\"https:\/\/moraistavares.adv.br\/blog\/o-que-e-plano-referencia\/\" \/>\r\n<meta property=\"og:site_name\" content=\"Blog Morais &amp; Tavares Advogados\" \/>\r\n<meta property=\"article:publisher\" content=\"https:\/\/www.facebook.com\/moraistavaresadvogados\/\" \/>\r\n<meta property=\"article:published_time\" content=\"2021-07-18T22:12:35+00:00\" \/>\r\n<meta property=\"og:image\" content=\"https:\/\/moraistavares.adv.br\/blog\/wp-content\/uploads\/2021\/04\/advogado-planos-de-saude.jpg\" \/>\r\n\t<meta property=\"og:image:width\" content=\"1200\" \/>\r\n\t<meta property=\"og:image:height\" content=\"439\" \/>\r\n<meta name=\"twitter:card\" content=\"summary_large_image\" \/>\r\n<meta name=\"twitter:creator\" content=\"@moraisetavares\" \/>\r\n<meta name=\"twitter:site\" content=\"@moraisetavares\" \/>\r\n<meta name=\"twitter:label1\" content=\"Est. reading time\">\n\t<meta name=\"twitter:data1\" content=\"1 minuto\">\r\n<script type=\"application\/ld+json\" class=\"yoast-schema-graph\">{\"@context\":\"https:\/\/schema.org\",\"@graph\":[{\"@type\":\"Organization\",\"@id\":\"https:\/\/moraistavares.adv.br\/blog\/#organization\",\"name\":\"Morais & Tavares Advogados Associados\",\"url\":\"https:\/\/moraistavares.adv.br\/blog\/\",\"sameAs\":[\"https:\/\/www.facebook.com\/moraistavaresadvogados\/\",\"https:\/\/www.instagram.com\/moraistavaresadv\/\",\"https:\/\/www.linkedin.com\/company\/morais-tavares-advogados-associados\/\",\"https:\/\/twitter.com\/moraisetavares\"],\"logo\":{\"@type\":\"ImageObject\",\"@id\":\"https:\/\/moraistavares.adv.br\/blog\/#logo\",\"inLanguage\":\"pt-BR\",\"url\":\"https:\/\/moraistavares.adv.br\/blog\/wp-content\/uploads\/2020\/09\/cropped-logo-morais-e-tavares.png\",\"width\":282,\"height\":110,\"caption\":\"Morais & Tavares Advogados Associados\"},\"image\":{\"@id\":\"https:\/\/moraistavares.adv.br\/blog\/#logo\"}},{\"@type\":\"WebSite\",\"@id\":\"https:\/\/moraistavares.adv.br\/blog\/#website\",\"url\":\"https:\/\/moraistavares.adv.br\/blog\/\",\"name\":\"Blog Morais & Tavares Advogados\",\"description\":\"Not\\u00edcias e Informa\\u00e7\\u00f5es do escrit\\u00f3rio Morais &amp; Tavares Advogados Associados\",\"publisher\":{\"@id\":\"https:\/\/moraistavares.adv.br\/blog\/#organization\"},\"potentialAction\":[{\"@type\":\"SearchAction\",\"target\":\"https:\/\/moraistavares.adv.br\/blog\/?s={search_term_string}\",\"query-input\":\"required name=search_term_string\"}],\"inLanguage\":\"pt-BR\"},{\"@type\":\"ImageObject\",\"@id\":\"https:\/\/moraistavares.adv.br\/blog\/o-que-e-plano-referencia\/#primaryimage\",\"inLanguage\":\"pt-BR\",\"url\":\"https:\/\/moraistavares.adv.br\/blog\/wp-content\/uploads\/2021\/04\/advogado-planos-de-saude.jpg\",\"width\":1200,\"height\":439,\"caption\":\"advogado planos de sa\\u00fade\"},{\"@type\":\"WebPage\",\"@id\":\"https:\/\/moraistavares.adv.br\/blog\/o-que-e-plano-referencia\/#webpage\",\"url\":\"https:\/\/moraistavares.adv.br\/blog\/o-que-e-plano-referencia\/\",\"name\":\"O que \\u00e9 Plano Refer\\u00eancia? - Blog Morais &amp; Tavares Advogados\",\"isPartOf\":{\"@id\":\"https:\/\/moraistavares.adv.br\/blog\/#website\"},\"primaryImageOfPage\":{\"@id\":\"https:\/\/moraistavares.adv.br\/blog\/o-que-e-plano-referencia\/#primaryimage\"},\"datePublished\":\"2021-07-18T22:12:35+00:00\",\"dateModified\":\"2021-07-18T22:12:35+00:00\",\"description\":\"Plano de Refer\\u00eancia \\u00e9 o plano padr\\u00e3o que toda operadora de sa\\u00fade deve oferecer como servi\\u00e7os m\\u00ednimos de assist\\u00eancia m\\u00e9dico-hospitalar.\",\"inLanguage\":\"pt-BR\",\"potentialAction\":[{\"@type\":\"ReadAction\",\"target\":[\"https:\/\/moraistavares.adv.br\/blog\/o-que-e-plano-referencia\/\"]}]},{\"@type\":\"Article\",\"@id\":\"https:\/\/moraistavares.adv.br\/blog\/o-que-e-plano-referencia\/#article\",\"isPartOf\":{\"@id\":\"https:\/\/moraistavares.adv.br\/blog\/o-que-e-plano-referencia\/#webpage\"},\"author\":{\"@id\":\"https:\/\/moraistavares.adv.br\/blog\/#\/schema\/person\/50985d3ae4b2de3d7bfbb05a215e0ff5\"},\"headline\":\"O que \\u00e9 Plano Refer\\u00eancia?\",\"datePublished\":\"2021-07-18T22:12:35+00:00\",\"dateModified\":\"2021-07-18T22:12:35+00:00\",\"mainEntityOfPage\":{\"@id\":\"https:\/\/moraistavares.adv.br\/blog\/o-que-e-plano-referencia\/#webpage\"},\"publisher\":{\"@id\":\"https:\/\/moraistavares.adv.br\/blog\/#organization\"},\"image\":{\"@id\":\"https:\/\/moraistavares.adv.br\/blog\/o-que-e-plano-referencia\/#primaryimage\"},\"keywords\":\"advogadodireitomedico,direitomedico,moraistavaresadvogados,planodesaude,planodesaudeempresarial,planorefer\\u00eancia\",\"articleSection\":\"Direito M\\u00e9dico\",\"inLanguage\":\"pt-BR\"},{\"@type\":\"Person\",\"@id\":\"https:\/\/moraistavares.adv.br\/blog\/#\/schema\/person\/50985d3ae4b2de3d7bfbb05a215e0ff5\",\"name\":\"Morais Tavares\",\"image\":{\"@type\":\"ImageObject\",\"@id\":\"https:\/\/moraistavares.adv.br\/blog\/#personlogo\",\"inLanguage\":\"pt-BR\",\"url\":\"https:\/\/secure.gravatar.com\/avatar\/9ce3d5303757237045117d3e94d9f8f1?s=96&d=mm&r=g\",\"caption\":\"Morais Tavares\"}}]}<\/script>\r\n<!-- \/ Yoast SEO Premium plugin. -->","_links":{"self":[{"href":"https:\/\/moraistavares.adv.br\/blog\/wp-json\/wp\/v2\/posts\/622"}],"collection":[{"href":"https:\/\/moraistavares.adv.br\/blog\/wp-json\/wp\/v2\/posts"}],"about":[{"href":"https:\/\/moraistavares.adv.br\/blog\/wp-json\/wp\/v2\/types\/post"}],"author":[{"embeddable":true,"href":"https:\/\/moraistavares.adv.br\/blog\/wp-json\/wp\/v2\/users\/1"}],"replies":[{"embeddable":true,"href":"https:\/\/moraistavares.adv.br\/blog\/wp-json\/wp\/v2\/comments?post=622"}],"version-history":[{"count":1,"href":"https:\/\/moraistavares.adv.br\/blog\/wp-json\/wp\/v2\/posts\/622\/revisions"}],"predecessor-version":[{"id":623,"href":"https:\/\/moraistavares.adv.br\/blog\/wp-json\/wp\/v2\/posts\/622\/revisions\/623"}],"wp:featuredmedia":[{"embeddable":true,"href":"https:\/\/moraistavares.adv.br\/blog\/wp-json\/wp\/v2\/media\/434"}],"wp:attachment":[{"href":"https:\/\/moraistavares.adv.br\/blog\/wp-json\/wp\/v2\/media?parent=622"}],"wp:term":[{"taxonomy":"category","embeddable":true,"href":"https:\/\/moraistavares.adv.br\/blog\/wp-json\/wp\/v2\/categories?post=622"},{"taxonomy":"post_tag","embeddable":true,"href":"https:\/\/moraistavares.adv.br\/blog\/wp-json\/wp\/v2\/tags?post=622"}],"curies":[{"name":"wp","href":"https:\/\/api.w.org\/{rel}","templated":true}]}}