{"id":576,"date":"2021-06-08T10:51:49","date_gmt":"2021-06-08T13:51:49","guid":{"rendered":"https:\/\/moraistavares.adv.br\/blog\/?p=576"},"modified":"2021-06-08T10:51:49","modified_gmt":"2021-06-08T13:51:49","slug":"qual-e-o-valor-de-uma-pensao-alimenticia","status":"publish","type":"post","link":"https:\/\/moraistavares.adv.br\/blog\/qual-e-o-valor-de-uma-pensao-alimenticia\/","title":{"rendered":"Qual \u00e9 o valor de uma pens\u00e3o aliment\u00edcia?"},"content":{"rendered":"<h1><strong>Qual \u00e9 o valor de uma pens\u00e3o aliment\u00edcia?<\/strong><\/h1>\n<p><strong>N\u00e3o existe uma f\u00f3rmula de c\u00e1lculo para o valor de uma pens\u00e3o aliment\u00edcia, nem mesmo um valor m\u00e9dio que sirva como par\u00e2metro. A pens\u00e3o aliment\u00edcia varia de acordo com cada caso.<\/strong><\/p>\n<p>Quem define o valor da pens\u00e3o aliment\u00edcia \u00e9 o juiz, ap\u00f3s an\u00e1lise da real da situa\u00e7\u00e3o e do caso concreto.<\/p>\n<p>Existem tr\u00eas crit\u00e9rios que s\u00e3o considerados para a fixa\u00e7\u00e3o do valor da pens\u00e3o aliment\u00edcia:<\/p>\n<p>&#8211; A possibilidade;<\/p>\n<p>&#8211; A necessidade;<\/p>\n<p>&#8211; A razoabilidade.<\/p>\n<p>&nbsp;<\/p>\n<p>O Juiz avalia a real necessidade de quem vai receber a pens\u00e3o, verifica tamb\u00e9m a<\/p>\n<p>possibilidade de pagamento da pens\u00e3o com base nos bens e sal\u00e1rios. Depois verificar\u00e1 o valor razo\u00e1vel que ent\u00e3o dever\u00e1 ser fixado e que geralmente \u00e9 determinado em um montante percentual do sal\u00e1rio recebido e n\u00e3o por um valor fixo, o que certamente ficaria defasado, o que obrigaria a realiza\u00e7\u00e3o de ingresso de nova a\u00e7\u00e3o para ajuste do valor da pens\u00e3o aliment\u00edcia.<\/p>\n<p>&nbsp;<\/p>\n<p>#pensaoalimentica #valordapensaoalimenticia #alimentosprovisorios #advogadodireitodefamiliajuizdefora #advogadodireitodefamiliaembh #direitodefamilia #moraistavaresadvogados<\/p>\n","protected":false},"excerpt":{"rendered":"<p>Qual \u00e9 o valor de uma pens\u00e3o aliment\u00edcia? N\u00e3o existe uma f\u00f3rmula de c\u00e1lculo para [&hellip;]<\/p>\n","protected":false},"author":1,"featured_media":454,"comment_status":"open","ping_status":"open","sticky":false,"template":"","format":"standard","meta":[],"categories":[29],"tags":[395,251,272,130,101,433,434],"yoast_head":"<!-- This site is optimized with the Yoast SEO Premium plugin v15.6.2 - https:\/\/yoast.com\/wordpress\/plugins\/seo\/ -->\r\n<title>Qual \u00e9 o valor de uma pens\u00e3o aliment\u00edcia? - Blog Morais &amp; Tavares Advogados<\/title>\r\n<meta name=\"description\" content=\"N\u00e3o existe uma f\u00f3rmula de c\u00e1lculo para o valor de uma pens\u00e3o aliment\u00edcia, nem mesmo um valor m\u00e9dio que sirva como par\u00e2metro. A pens\u00e3o aliment\u00edcia varia de acordo com cada caso.\" \/>\r\n<meta name=\"robots\" content=\"index, follow, max-snippet:-1, max-image-preview:large, max-video-preview:-1\" \/>\r\n<link rel=\"canonical\" href=\"https:\/\/moraistavares.adv.br\/blog\/qual-e-o-valor-de-uma-pensao-alimenticia\/\" \/>\r\n<meta property=\"og:locale\" content=\"pt_BR\" \/>\r\n<meta property=\"og:type\" content=\"article\" \/>\r\n<meta property=\"og:title\" content=\"Qual \u00e9 o valor de uma pens\u00e3o aliment\u00edcia? - Blog Morais &amp; Tavares Advogados\" \/>\r\n<meta property=\"og:description\" content=\"N\u00e3o existe uma f\u00f3rmula de c\u00e1lculo para o valor de uma pens\u00e3o aliment\u00edcia, nem mesmo um valor m\u00e9dio que sirva como par\u00e2metro. A pens\u00e3o aliment\u00edcia varia de acordo com cada caso.\" \/>\r\n<meta property=\"og:url\" content=\"https:\/\/moraistavares.adv.br\/blog\/qual-e-o-valor-de-uma-pensao-alimenticia\/\" \/>\r\n<meta property=\"og:site_name\" content=\"Blog Morais &amp; Tavares Advogados\" \/>\r\n<meta property=\"article:publisher\" content=\"https:\/\/www.facebook.com\/moraistavaresadvogados\/\" \/>\r\n<meta property=\"article:published_time\" content=\"2021-06-08T13:51:49+00:00\" \/>\r\n<meta property=\"og:image\" content=\"https:\/\/moraistavares.adv.br\/blog\/wp-content\/uploads\/2021\/05\/direito-familia.jpg\" \/>\r\n\t<meta property=\"og:image:width\" content=\"1200\" \/>\r\n\t<meta property=\"og:image:height\" content=\"439\" \/>\r\n<meta name=\"twitter:card\" content=\"summary_large_image\" \/>\r\n<meta name=\"twitter:creator\" content=\"@moraisetavares\" \/>\r\n<meta name=\"twitter:site\" content=\"@moraisetavares\" \/>\r\n<meta name=\"twitter:label1\" content=\"Est. reading time\">\n\t<meta name=\"twitter:data1\" content=\"1 minuto\">\r\n<script type=\"application\/ld+json\" class=\"yoast-schema-graph\">{\"@context\":\"https:\/\/schema.org\",\"@graph\":[{\"@type\":\"Organization\",\"@id\":\"https:\/\/moraistavares.adv.br\/blog\/#organization\",\"name\":\"Morais & Tavares Advogados Associados\",\"url\":\"https:\/\/moraistavares.adv.br\/blog\/\",\"sameAs\":[\"https:\/\/www.facebook.com\/moraistavaresadvogados\/\",\"https:\/\/www.instagram.com\/moraistavaresadv\/\",\"https:\/\/www.linkedin.com\/company\/morais-tavares-advogados-associados\/\",\"https:\/\/twitter.com\/moraisetavares\"],\"logo\":{\"@type\":\"ImageObject\",\"@id\":\"https:\/\/moraistavares.adv.br\/blog\/#logo\",\"inLanguage\":\"pt-BR\",\"url\":\"https:\/\/moraistavares.adv.br\/blog\/wp-content\/uploads\/2020\/09\/cropped-logo-morais-e-tavares.png\",\"width\":282,\"height\":110,\"caption\":\"Morais & Tavares Advogados Associados\"},\"image\":{\"@id\":\"https:\/\/moraistavares.adv.br\/blog\/#logo\"}},{\"@type\":\"WebSite\",\"@id\":\"https:\/\/moraistavares.adv.br\/blog\/#website\",\"url\":\"https:\/\/moraistavares.adv.br\/blog\/\",\"name\":\"Blog Morais & Tavares Advogados\",\"description\":\"Not\\u00edcias e Informa\\u00e7\\u00f5es do escrit\\u00f3rio Morais &amp; Tavares Advogados Associados\",\"publisher\":{\"@id\":\"https:\/\/moraistavares.adv.br\/blog\/#organization\"},\"potentialAction\":[{\"@type\":\"SearchAction\",\"target\":\"https:\/\/moraistavares.adv.br\/blog\/?s={search_term_string}\",\"query-input\":\"required name=search_term_string\"}],\"inLanguage\":\"pt-BR\"},{\"@type\":\"ImageObject\",\"@id\":\"https:\/\/moraistavares.adv.br\/blog\/qual-e-o-valor-de-uma-pensao-alimenticia\/#primaryimage\",\"inLanguage\":\"pt-BR\",\"url\":\"https:\/\/moraistavares.adv.br\/blog\/wp-content\/uploads\/2021\/05\/direito-familia.jpg\",\"width\":1200,\"height\":439,\"caption\":\"Advogado Direito de Familia\"},{\"@type\":\"WebPage\",\"@id\":\"https:\/\/moraistavares.adv.br\/blog\/qual-e-o-valor-de-uma-pensao-alimenticia\/#webpage\",\"url\":\"https:\/\/moraistavares.adv.br\/blog\/qual-e-o-valor-de-uma-pensao-alimenticia\/\",\"name\":\"Qual \\u00e9 o valor de uma pens\\u00e3o aliment\\u00edcia? - Blog Morais &amp; Tavares Advogados\",\"isPartOf\":{\"@id\":\"https:\/\/moraistavares.adv.br\/blog\/#website\"},\"primaryImageOfPage\":{\"@id\":\"https:\/\/moraistavares.adv.br\/blog\/qual-e-o-valor-de-uma-pensao-alimenticia\/#primaryimage\"},\"datePublished\":\"2021-06-08T13:51:49+00:00\",\"dateModified\":\"2021-06-08T13:51:49+00:00\",\"description\":\"N\\u00e3o existe uma f\\u00f3rmula de c\\u00e1lculo para o valor de uma pens\\u00e3o aliment\\u00edcia, nem mesmo um valor m\\u00e9dio que sirva como par\\u00e2metro. A pens\\u00e3o aliment\\u00edcia varia de acordo com cada caso.\",\"inLanguage\":\"pt-BR\",\"potentialAction\":[{\"@type\":\"ReadAction\",\"target\":[\"https:\/\/moraistavares.adv.br\/blog\/qual-e-o-valor-de-uma-pensao-alimenticia\/\"]}]},{\"@type\":\"Article\",\"@id\":\"https:\/\/moraistavares.adv.br\/blog\/qual-e-o-valor-de-uma-pensao-alimenticia\/#article\",\"isPartOf\":{\"@id\":\"https:\/\/moraistavares.adv.br\/blog\/qual-e-o-valor-de-uma-pensao-alimenticia\/#webpage\"},\"author\":{\"@id\":\"https:\/\/moraistavares.adv.br\/blog\/#\/schema\/person\/50985d3ae4b2de3d7bfbb05a215e0ff5\"},\"headline\":\"Qual \\u00e9 o valor de uma pens\\u00e3o aliment\\u00edcia?\",\"datePublished\":\"2021-06-08T13:51:49+00:00\",\"dateModified\":\"2021-06-08T13:51:49+00:00\",\"mainEntityOfPage\":{\"@id\":\"https:\/\/moraistavares.adv.br\/blog\/qual-e-o-valor-de-uma-pensao-alimenticia\/#webpage\"},\"commentCount\":0,\"publisher\":{\"@id\":\"https:\/\/moraistavares.adv.br\/blog\/#organization\"},\"image\":{\"@id\":\"https:\/\/moraistavares.adv.br\/blog\/qual-e-o-valor-de-uma-pensao-alimenticia\/#primaryimage\"},\"keywords\":\"advogadodireitodefamiliaembh,advogadodireitodefamiliajuizdefora,alimentosprovisorios,direitodefamilia,moraistavaresadvogados,pensaoalimentica,valordapensaoalimenticia\",\"articleSection\":\"Direito de Fam\\u00edlia\",\"inLanguage\":\"pt-BR\",\"potentialAction\":[{\"@type\":\"CommentAction\",\"name\":\"Comment\",\"target\":[\"https:\/\/moraistavares.adv.br\/blog\/qual-e-o-valor-de-uma-pensao-alimenticia\/#respond\"]}]},{\"@type\":\"Person\",\"@id\":\"https:\/\/moraistavares.adv.br\/blog\/#\/schema\/person\/50985d3ae4b2de3d7bfbb05a215e0ff5\",\"name\":\"Morais Tavares\",\"image\":{\"@type\":\"ImageObject\",\"@id\":\"https:\/\/moraistavares.adv.br\/blog\/#personlogo\",\"inLanguage\":\"pt-BR\",\"url\":\"https:\/\/secure.gravatar.com\/avatar\/9ce3d5303757237045117d3e94d9f8f1?s=96&d=mm&r=g\",\"caption\":\"Morais Tavares\"}}]}<\/script>\r\n<!-- \/ Yoast SEO Premium plugin. -->","_links":{"self":[{"href":"https:\/\/moraistavares.adv.br\/blog\/wp-json\/wp\/v2\/posts\/576"}],"collection":[{"href":"https:\/\/moraistavares.adv.br\/blog\/wp-json\/wp\/v2\/posts"}],"about":[{"href":"https:\/\/moraistavares.adv.br\/blog\/wp-json\/wp\/v2\/types\/post"}],"author":[{"embeddable":true,"href":"https:\/\/moraistavares.adv.br\/blog\/wp-json\/wp\/v2\/users\/1"}],"replies":[{"embeddable":true,"href":"https:\/\/moraistavares.adv.br\/blog\/wp-json\/wp\/v2\/comments?post=576"}],"version-history":[{"count":1,"href":"https:\/\/moraistavares.adv.br\/blog\/wp-json\/wp\/v2\/posts\/576\/revisions"}],"predecessor-version":[{"id":577,"href":"https:\/\/moraistavares.adv.br\/blog\/wp-json\/wp\/v2\/posts\/576\/revisions\/577"}],"wp:featuredmedia":[{"embeddable":true,"href":"https:\/\/moraistavares.adv.br\/blog\/wp-json\/wp\/v2\/media\/454"}],"wp:attachment":[{"href":"https:\/\/moraistavares.adv.br\/blog\/wp-json\/wp\/v2\/media?parent=576"}],"wp:term":[{"taxonomy":"category","embeddable":true,"href":"https:\/\/moraistavares.adv.br\/blog\/wp-json\/wp\/v2\/categories?post=576"},{"taxonomy":"post_tag","embeddable":true,"href":"https:\/\/moraistavares.adv.br\/blog\/wp-json\/wp\/v2\/tags?post=576"}],"curies":[{"name":"wp","href":"https:\/\/api.w.org\/{rel}","templated":true}]}}