{"id":55,"date":"2019-01-04T17:38:17","date_gmt":"2019-01-04T19:38:17","guid":{"rendered":"https:\/\/moraistavares.adv.br\/blog\/?p=55"},"modified":"2020-03-29T18:04:24","modified_gmt":"2020-03-29T21:04:24","slug":"voce-sabia-que-e-possivel-rever-o-valor-da-pensao-se-ocorreu-mudanca-na-realidade-de-vida-de-seu-filho","status":"publish","type":"post","link":"https:\/\/moraistavares.adv.br\/blog\/voce-sabia-que-e-possivel-rever-o-valor-da-pensao-se-ocorreu-mudanca-na-realidade-de-vida-de-seu-filho\/","title":{"rendered":"Voc\u00ea sabia que \u00e9 poss\u00edvel rever o valor da pens\u00e3o se ocorreu mudan\u00e7a na realidade de vida de seu filho?"},"content":{"rendered":"\n<p><strong>Escrito por: Dr. Luciano Tavares e Dra. M\u00e1rcia Morais.<\/strong><\/p>\n\n\n\n<p>A pens\u00e3o aliment\u00edcia \u00e9 um dever dos pais para com seus\nfilhos, desta forma o dever de cuidado com filhos menores \u00e9 uma\nresponsabilidade repartida entre o pai e a m\u00e3e.<\/p>\n\n\n\n<p>Por certo a pens\u00e3o aliment\u00edcia deve ser fixada em senten\u00e7a,\ntornando-se assim uma obriga\u00e7\u00e3o para aquele que paga e um direito para quem\nrecebe.<\/p>\n\n\n\n<p>Por\u00e9m, com o passar do tempo e com a mudan\u00e7a da realidade\necon\u00f4mica os valores fixados em senten\u00e7a geralmente n\u00e3o acompanham as\nnecessidades dos filhos, gerando assim o direito de pedir a revis\u00e3o de\nalimentos.<\/p>\n\n\n\n<p>Desta forma, a m\u00e3e que deseja que a pens\u00e3o paga para seus\nfilhos tenha os valores aumentados em rela\u00e7\u00e3o a senten\u00e7a anterior deve provar\nque a necessidade de seus filhos tamb\u00e9m alterou, e que ela sozinha n\u00e3o tem\ncondi\u00e7\u00f5es de arcar com as despesas.<\/p>\n\n\n\n<p>Tamb\u00e9m \u00e9 poss\u00edvel pedir para que os valores a serem pagos\naos filhos devam ser alterados quando o devedor dos alimentos teve alguma\nmelhoria de vida, como recebimento de heran\u00e7a, aumento de sal\u00e1rio ou outros\nsinais externos de riqueza, como a realiza\u00e7\u00e3o de viagens, aquisi\u00e7\u00e3o de\nve\u00edculos, etc.<\/p>\n\n\n\n<p>Sendo assim, se a pens\u00e3o n\u00e3o \u00e9 descontada diretamente em\nfolha de pagamento cabe a respons\u00e1vel pelos filhos menores ficar em observa\u00e7\u00e3o\ndestas altera\u00e7\u00f5es para que assim, seu filho possa ser beneficiado.<\/p>\n\n\n\n<p>Mas aten\u00e7\u00e3o, o valor da pens\u00e3o \u00e9 fixado levando-se em conta\nn\u00e3o s\u00f3 a necessidade do menor, mas tamb\u00e9m a possibilidade do devedor em pagar.\nDesta forma, mesmo a necessidade tendo se elevado, mas a possibilidade do\ndevedor n\u00e3o corresponder a este aumento geralmente n\u00e3o ser\u00e1 poss\u00edvel o aumento\ndo valor devido como pens\u00e3o.<\/p>\n\n\n\n<p>E da mesma forma que aquele que recebe pens\u00e3o pode solicitar\no seu aumento, pode o devedor tamb\u00e9m solicitar que a mesma venha ser reduzida,\nse algo alterar sua possibilidade de pagamento.<\/p>\n\n\n\n<p><a href=\"https:\/\/moraistavares.adv.br\">Conhe\u00e7a a equipe Morais &amp; Tavares Advogados Associados, clique aqui.<\/a><\/p>\n\n\n\n<p><strong>Acesse nossas redes sociais:<\/strong><\/p>\n\n\n\n<p>\u2013 <strong>Instagram<\/strong>: @moraistavaresadv <\/p>\n\n\n\n<p>\u2013 <strong>Facebook<\/strong>: fb.me\/moraistavaresadvogados <\/p>\n","protected":false},"excerpt":{"rendered":"<p>A pens\u00e3o aliment\u00edcia \u00e9 um dever dos pais para com seus filhos, desta forma o dever de cuidado com filhos menores \u00e9 uma responsabilidade repartida entre o pai e a m\u00e3e.<\/p>\n","protected":false},"author":2,"featured_media":40,"comment_status":"closed","ping_status":"open","sticky":false,"template":"","format":"standard","meta":[],"categories":[29],"tags":[30,18,9,31,32,33],"yoast_head":"<!-- This site is optimized with the Yoast SEO Premium plugin v15.6.2 - https:\/\/yoast.com\/wordpress\/plugins\/seo\/ -->\r\n<title>Voc\u00ea sabia que \u00e9 poss\u00edvel rever o valor da pens\u00e3o se ocorreu mudan\u00e7a na realidade de vida de seu filho? - Blog Morais &amp; Tavares Advogados<\/title>\r\n<meta name=\"robots\" content=\"index, follow, max-snippet:-1, max-image-preview:large, max-video-preview:-1\" \/>\r\n<link rel=\"canonical\" href=\"https:\/\/moraistavares.adv.br\/blog\/voce-sabia-que-e-possivel-rever-o-valor-da-pensao-se-ocorreu-mudanca-na-realidade-de-vida-de-seu-filho\/\" \/>\r\n<meta property=\"og:locale\" content=\"pt_BR\" \/>\r\n<meta property=\"og:type\" content=\"article\" \/>\r\n<meta property=\"og:title\" content=\"Voc\u00ea sabia que \u00e9 poss\u00edvel rever o valor da pens\u00e3o se ocorreu mudan\u00e7a na realidade de vida de seu filho? - Blog Morais &amp; Tavares Advogados\" \/>\r\n<meta property=\"og:description\" content=\"A pens\u00e3o aliment\u00edcia \u00e9 um dever dos pais para com seus filhos, desta forma o dever de cuidado com filhos menores \u00e9 uma responsabilidade repartida entre o pai e a m\u00e3e.\" \/>\r\n<meta property=\"og:url\" content=\"https:\/\/moraistavares.adv.br\/blog\/voce-sabia-que-e-possivel-rever-o-valor-da-pensao-se-ocorreu-mudanca-na-realidade-de-vida-de-seu-filho\/\" \/>\r\n<meta property=\"og:site_name\" content=\"Blog Morais &amp; Tavares Advogados\" \/>\r\n<meta property=\"article:publisher\" content=\"https:\/\/www.facebook.com\/moraistavaresadvogados\/\" \/>\r\n<meta property=\"article:published_time\" content=\"2019-01-04T19:38:17+00:00\" \/>\r\n<meta property=\"article:modified_time\" content=\"2020-03-29T21:04:24+00:00\" \/>\r\n<meta property=\"og:image\" content=\"https:\/\/moraistavares.adv.br\/blog\/wp-content\/uploads\/2020\/03\/mae-filho.jpg\" \/>\r\n\t<meta property=\"og:image:width\" content=\"450\" \/>\r\n\t<meta property=\"og:image:height\" content=\"300\" \/>\r\n<meta name=\"twitter:card\" content=\"summary_large_image\" \/>\r\n<meta name=\"twitter:creator\" content=\"@moraisetavares\" \/>\r\n<meta name=\"twitter:site\" content=\"@moraisetavares\" \/>\r\n<meta name=\"twitter:label1\" content=\"Est. reading time\">\n\t<meta name=\"twitter:data1\" content=\"2 minutos\">\r\n<script type=\"application\/ld+json\" class=\"yoast-schema-graph\">{\"@context\":\"https:\/\/schema.org\",\"@graph\":[{\"@type\":\"Organization\",\"@id\":\"https:\/\/moraistavares.adv.br\/blog\/#organization\",\"name\":\"Morais & Tavares Advogados Associados\",\"url\":\"https:\/\/moraistavares.adv.br\/blog\/\",\"sameAs\":[\"https:\/\/www.facebook.com\/moraistavaresadvogados\/\",\"https:\/\/www.instagram.com\/moraistavaresadv\/\",\"https:\/\/www.linkedin.com\/company\/morais-tavares-advogados-associados\/\",\"https:\/\/twitter.com\/moraisetavares\"],\"logo\":{\"@type\":\"ImageObject\",\"@id\":\"https:\/\/moraistavares.adv.br\/blog\/#logo\",\"inLanguage\":\"pt-BR\",\"url\":\"https:\/\/moraistavares.adv.br\/blog\/wp-content\/uploads\/2020\/09\/cropped-logo-morais-e-tavares.png\",\"width\":282,\"height\":110,\"caption\":\"Morais & Tavares Advogados Associados\"},\"image\":{\"@id\":\"https:\/\/moraistavares.adv.br\/blog\/#logo\"}},{\"@type\":\"WebSite\",\"@id\":\"https:\/\/moraistavares.adv.br\/blog\/#website\",\"url\":\"https:\/\/moraistavares.adv.br\/blog\/\",\"name\":\"Blog Morais & Tavares Advogados\",\"description\":\"Not\\u00edcias e Informa\\u00e7\\u00f5es do escrit\\u00f3rio Morais &amp; Tavares Advogados Associados\",\"publisher\":{\"@id\":\"https:\/\/moraistavares.adv.br\/blog\/#organization\"},\"potentialAction\":[{\"@type\":\"SearchAction\",\"target\":\"https:\/\/moraistavares.adv.br\/blog\/?s={search_term_string}\",\"query-input\":\"required name=search_term_string\"}],\"inLanguage\":\"pt-BR\"},{\"@type\":\"ImageObject\",\"@id\":\"https:\/\/moraistavares.adv.br\/blog\/voce-sabia-que-e-possivel-rever-o-valor-da-pensao-se-ocorreu-mudanca-na-realidade-de-vida-de-seu-filho\/#primaryimage\",\"inLanguage\":\"pt-BR\",\"url\":\"https:\/\/moraistavares.adv.br\/blog\/wp-content\/uploads\/2020\/03\/mae-filho.jpg\",\"width\":450,\"height\":300},{\"@type\":\"WebPage\",\"@id\":\"https:\/\/moraistavares.adv.br\/blog\/voce-sabia-que-e-possivel-rever-o-valor-da-pensao-se-ocorreu-mudanca-na-realidade-de-vida-de-seu-filho\/#webpage\",\"url\":\"https:\/\/moraistavares.adv.br\/blog\/voce-sabia-que-e-possivel-rever-o-valor-da-pensao-se-ocorreu-mudanca-na-realidade-de-vida-de-seu-filho\/\",\"name\":\"Voc\\u00ea sabia que \\u00e9 poss\\u00edvel rever o valor da pens\\u00e3o se ocorreu mudan\\u00e7a na realidade de vida de seu filho? - Blog Morais &amp; Tavares Advogados\",\"isPartOf\":{\"@id\":\"https:\/\/moraistavares.adv.br\/blog\/#website\"},\"primaryImageOfPage\":{\"@id\":\"https:\/\/moraistavares.adv.br\/blog\/voce-sabia-que-e-possivel-rever-o-valor-da-pensao-se-ocorreu-mudanca-na-realidade-de-vida-de-seu-filho\/#primaryimage\"},\"datePublished\":\"2019-01-04T19:38:17+00:00\",\"dateModified\":\"2020-03-29T21:04:24+00:00\",\"inLanguage\":\"pt-BR\",\"potentialAction\":[{\"@type\":\"ReadAction\",\"target\":[\"https:\/\/moraistavares.adv.br\/blog\/voce-sabia-que-e-possivel-rever-o-valor-da-pensao-se-ocorreu-mudanca-na-realidade-de-vida-de-seu-filho\/\"]}]},{\"@type\":\"Article\",\"@id\":\"https:\/\/moraistavares.adv.br\/blog\/voce-sabia-que-e-possivel-rever-o-valor-da-pensao-se-ocorreu-mudanca-na-realidade-de-vida-de-seu-filho\/#article\",\"isPartOf\":{\"@id\":\"https:\/\/moraistavares.adv.br\/blog\/voce-sabia-que-e-possivel-rever-o-valor-da-pensao-se-ocorreu-mudanca-na-realidade-de-vida-de-seu-filho\/#webpage\"},\"author\":{\"@id\":\"https:\/\/moraistavares.adv.br\/blog\/#\/schema\/person\/bc036fb938d90d95345b6c3104d717fe\"},\"headline\":\"Voc\\u00ea sabia que \\u00e9 poss\\u00edvel rever o valor da pens\\u00e3o se ocorreu mudan\\u00e7a na realidade de vida de seu filho?\",\"datePublished\":\"2019-01-04T19:38:17+00:00\",\"dateModified\":\"2020-03-29T21:04:24+00:00\",\"mainEntityOfPage\":{\"@id\":\"https:\/\/moraistavares.adv.br\/blog\/voce-sabia-que-e-possivel-rever-o-valor-da-pensao-se-ocorreu-mudanca-na-realidade-de-vida-de-seu-filho\/#webpage\"},\"publisher\":{\"@id\":\"https:\/\/moraistavares.adv.br\/blog\/#organization\"},\"image\":{\"@id\":\"https:\/\/moraistavares.adv.br\/blog\/voce-sabia-que-e-possivel-rever-o-valor-da-pensao-se-ocorreu-mudanca-na-realidade-de-vida-de-seu-filho\/#primaryimage\"},\"keywords\":\"Alimentos,moraisetavares,moraistavares,Pens\\u00e3o,Pens\\u00e3o Aliment\\u00edcia,Revis\\u00e3o de Alimentos\",\"articleSection\":\"Direito de Fam\\u00edlia\",\"inLanguage\":\"pt-BR\"},{\"@type\":\"Person\",\"@id\":\"https:\/\/moraistavares.adv.br\/blog\/#\/schema\/person\/bc036fb938d90d95345b6c3104d717fe\",\"name\":\"Morais Tavares\",\"image\":{\"@type\":\"ImageObject\",\"@id\":\"https:\/\/moraistavares.adv.br\/blog\/#personlogo\",\"inLanguage\":\"pt-BR\",\"url\":\"https:\/\/secure.gravatar.com\/avatar\/47604615ef3ffb79e7a8589a319b9091?s=96&d=mm&r=g\",\"caption\":\"Morais Tavares\"}}]}<\/script>\r\n<!-- \/ Yoast SEO Premium plugin. -->","_links":{"self":[{"href":"https:\/\/moraistavares.adv.br\/blog\/wp-json\/wp\/v2\/posts\/55"}],"collection":[{"href":"https:\/\/moraistavares.adv.br\/blog\/wp-json\/wp\/v2\/posts"}],"about":[{"href":"https:\/\/moraistavares.adv.br\/blog\/wp-json\/wp\/v2\/types\/post"}],"author":[{"embeddable":true,"href":"https:\/\/moraistavares.adv.br\/blog\/wp-json\/wp\/v2\/users\/2"}],"replies":[{"embeddable":true,"href":"https:\/\/moraistavares.adv.br\/blog\/wp-json\/wp\/v2\/comments?post=55"}],"version-history":[{"count":1,"href":"https:\/\/moraistavares.adv.br\/blog\/wp-json\/wp\/v2\/posts\/55\/revisions"}],"predecessor-version":[{"id":56,"href":"https:\/\/moraistavares.adv.br\/blog\/wp-json\/wp\/v2\/posts\/55\/revisions\/56"}],"wp:featuredmedia":[{"embeddable":true,"href":"https:\/\/moraistavares.adv.br\/blog\/wp-json\/wp\/v2\/media\/40"}],"wp:attachment":[{"href":"https:\/\/moraistavares.adv.br\/blog\/wp-json\/wp\/v2\/media?parent=55"}],"wp:term":[{"taxonomy":"category","embeddable":true,"href":"https:\/\/moraistavares.adv.br\/blog\/wp-json\/wp\/v2\/categories?post=55"},{"taxonomy":"post_tag","embeddable":true,"href":"https:\/\/moraistavares.adv.br\/blog\/wp-json\/wp\/v2\/tags?post=55"}],"curies":[{"name":"wp","href":"https:\/\/api.w.org\/{rel}","templated":true}]}}