{"id":528,"date":"2021-05-27T10:52:19","date_gmt":"2021-05-27T13:52:19","guid":{"rendered":"https:\/\/moraistavares.adv.br\/blog\/?p=528"},"modified":"2021-05-27T10:52:19","modified_gmt":"2021-05-27T13:52:19","slug":"o-exame-para-deteccao-do-coronavirus-e-coberto-pelos-planos-de-saude","status":"publish","type":"post","link":"https:\/\/moraistavares.adv.br\/blog\/o-exame-para-deteccao-do-coronavirus-e-coberto-pelos-planos-de-saude\/","title":{"rendered":"O exame para detec\u00e7\u00e3o do Coronav\u00edrus \u00e9 coberto pelos planos de sa\u00fade?"},"content":{"rendered":"<div class=\"\" data-block=\"true\" data-editor=\"268g6\" data-offset-key=\"fs1rv-0-0\">\n<h1 class=\"_1mf _1mj\" data-offset-key=\"fs1rv-0-0\"><span data-offset-key=\"fs1rv-0-0\">O exame para detec\u00e7\u00e3o do Coronav\u00edrus \u00e9 coberto pelos planos de sa\u00fade?<\/span><\/h1>\n<\/div>\n<div class=\"\" data-block=\"true\" data-editor=\"268g6\" data-offset-key=\"456mi-0-0\">\n<div class=\"_1mf _1mj\" data-offset-key=\"456mi-0-0\"><span data-offset-key=\"456mi-0-0\">\u00a0<\/span><\/div>\n<\/div>\n<div class=\"\" data-block=\"true\" data-editor=\"268g6\" data-offset-key=\"33d55-0-0\">\n<div class=\"_1mf _1mj\" data-offset-key=\"33d55-0-0\"><span data-offset-key=\"33d55-0-0\">Sim, o exame SARS-CoV-2 (CORONAV\u00cdRUS COVID-19) \u2013 pesquisa por RT \u2013 PCR (com diretriz de utiliza\u00e7\u00e3o) foi inclu\u00eddo pela ANS no Rol de Procedimentos e Eventos em Sa\u00fade e \u00e9, portanto, de cobertura obrigat\u00f3ria aos benefici\u00e1rios de planos de sa\u00fade com segmenta\u00e7\u00e3o ambulatorial, hospitalar ou refer\u00eancia. A medida vale desde o dia 13\/03\/2020.<\/span><\/div>\n<\/div>\n<div class=\"\" data-block=\"true\" data-editor=\"268g6\" data-offset-key=\"5b3hb-0-0\">\n<div class=\"_1mf _1mj\" data-offset-key=\"5b3hb-0-0\"><span data-offset-key=\"5b3hb-0-0\">\u00a0<\/span><\/div>\n<\/div>\n<div class=\"\" data-block=\"true\" data-editor=\"268g6\" data-offset-key=\"9mgpf-0-0\">\n<div class=\"_1mf _1mj\" data-offset-key=\"9mgpf-0-0\"><span class=\"_5zk7\" spellcheck=\"false\" data-offset-key=\"9mgpf-0-0\"><span data-offset-key=\"9mgpf-0-0\">#covid_19<\/span><\/span> <span class=\"_5zk7\" spellcheck=\"false\" data-offset-key=\"9mgpf-2-0\"><span data-offset-key=\"9mgpf-2-0\">#covid<\/span><\/span> <span class=\"_5zk7\" spellcheck=\"false\" data-offset-key=\"9mgpf-4-0\"><span data-offset-key=\"9mgpf-4-0\">#coronavirusbrazil<\/span><\/span> <span class=\"_5zk7\" spellcheck=\"false\" data-offset-key=\"9mgpf-6-0\"><span data-offset-key=\"9mgpf-6-0\">#pandemia<\/span><\/span> <span class=\"_5zk7\" spellcheck=\"false\" data-offset-key=\"9mgpf-8-0\"><span data-offset-key=\"9mgpf-8-0\">#direitomedico<\/span><\/span> <span class=\"_5zk7\" spellcheck=\"false\" data-offset-key=\"9mgpf-10-0\"><span data-offset-key=\"9mgpf-10-0\">#advogadodireitomedico<\/span><\/span> <span class=\"_5zk7\" spellcheck=\"false\" data-offset-key=\"9mgpf-12-0\"><span data-offset-key=\"9mgpf-12-0\">#advogadodireitomedicojuizdefora<\/span><\/span> <span class=\"_5zk7\" spellcheck=\"false\" data-offset-key=\"9mgpf-14-0\"><span data-offset-key=\"9mgpf-14-0\">#advogadodireitom\u00e9dicoembh<\/span><\/span> <span class=\"_5zk7\" spellcheck=\"false\" data-offset-key=\"9mgpf-16-0\"><span data-offset-key=\"9mgpf-16-0\">#advogadodireitomedicocuritiba<\/span><\/span> <span class=\"_5zk7\" spellcheck=\"false\" data-offset-key=\"9mgpf-18-0\"><span data-offset-key=\"9mgpf-18-0\">#compliancenasaude<\/span><\/span> <span class=\"_5zk7\" spellcheck=\"false\" data-offset-key=\"9mgpf-20-0\"><span data-offset-key=\"9mgpf-20-0\">#planosdesaude<\/span><\/span> <span class=\"_5zk7\" spellcheck=\"false\" data-offset-key=\"9mgpf-22-0\"><span data-offset-key=\"9mgpf-22-0\">#moraistavaresadvogados<\/span><\/span><\/div>\n<\/div>\n","protected":false},"excerpt":{"rendered":"<p>O exame para detec\u00e7\u00e3o do Coronav\u00edrus \u00e9 coberto pelos planos de sa\u00fade? \u00a0 Sim, o [&hellip;]<\/p>\n","protected":false},"author":1,"featured_media":434,"comment_status":"open","ping_status":"open","sticky":false,"template":"","format":"standard","meta":[],"categories":[50,19],"tags":[164,349,348,153,304,381,284,327,138,101,65,192],"yoast_head":"<!-- This site is optimized with the Yoast SEO Premium plugin v15.6.2 - https:\/\/yoast.com\/wordpress\/plugins\/seo\/ -->\r\n<title>O exame para detec\u00e7\u00e3o do Coronav\u00edrus \u00e9 coberto pelos planos de sa\u00fade? - Blog Morais &amp; Tavares Advogados<\/title>\r\n<meta name=\"description\" content=\"Sim, o exame para COVID-19, RT PCR \u00e9 de cobertura obrigat\u00f3ria aos benefici\u00e1rios de planos de sa\u00fade, fazendo parte do Rol da ANS.\" \/>\r\n<meta name=\"robots\" content=\"index, follow, max-snippet:-1, max-image-preview:large, max-video-preview:-1\" \/>\r\n<link rel=\"canonical\" href=\"https:\/\/moraistavares.adv.br\/blog\/o-exame-para-deteccao-do-coronavirus-e-coberto-pelos-planos-de-saude\/\" \/>\r\n<meta property=\"og:locale\" content=\"pt_BR\" \/>\r\n<meta property=\"og:type\" content=\"article\" \/>\r\n<meta property=\"og:title\" content=\"O exame para detec\u00e7\u00e3o do Coronav\u00edrus \u00e9 coberto pelos planos de sa\u00fade? - Blog Morais &amp; Tavares Advogados\" \/>\r\n<meta property=\"og:description\" content=\"Sim, o exame para COVID-19, RT PCR \u00e9 de cobertura obrigat\u00f3ria aos benefici\u00e1rios de planos de sa\u00fade, fazendo parte do Rol da ANS.\" \/>\r\n<meta property=\"og:url\" content=\"https:\/\/moraistavares.adv.br\/blog\/o-exame-para-deteccao-do-coronavirus-e-coberto-pelos-planos-de-saude\/\" \/>\r\n<meta property=\"og:site_name\" content=\"Blog Morais &amp; Tavares Advogados\" \/>\r\n<meta property=\"article:publisher\" content=\"https:\/\/www.facebook.com\/moraistavaresadvogados\/\" \/>\r\n<meta property=\"article:published_time\" content=\"2021-05-27T13:52:19+00:00\" \/>\r\n<meta property=\"og:image\" content=\"https:\/\/moraistavares.adv.br\/blog\/wp-content\/uploads\/2021\/04\/advogado-planos-de-saude.jpg\" \/>\r\n\t<meta property=\"og:image:width\" content=\"1200\" \/>\r\n\t<meta property=\"og:image:height\" content=\"439\" \/>\r\n<meta name=\"twitter:card\" content=\"summary_large_image\" \/>\r\n<meta name=\"twitter:creator\" content=\"@moraisetavares\" \/>\r\n<meta name=\"twitter:site\" content=\"@moraisetavares\" \/>\r\n<meta name=\"twitter:label1\" content=\"Est. reading time\">\n\t<meta name=\"twitter:data1\" content=\"1 minuto\">\r\n<script type=\"application\/ld+json\" class=\"yoast-schema-graph\">{\"@context\":\"https:\/\/schema.org\",\"@graph\":[{\"@type\":\"Organization\",\"@id\":\"https:\/\/moraistavares.adv.br\/blog\/#organization\",\"name\":\"Morais & Tavares Advogados Associados\",\"url\":\"https:\/\/moraistavares.adv.br\/blog\/\",\"sameAs\":[\"https:\/\/www.facebook.com\/moraistavaresadvogados\/\",\"https:\/\/www.instagram.com\/moraistavaresadv\/\",\"https:\/\/www.linkedin.com\/company\/morais-tavares-advogados-associados\/\",\"https:\/\/twitter.com\/moraisetavares\"],\"logo\":{\"@type\":\"ImageObject\",\"@id\":\"https:\/\/moraistavares.adv.br\/blog\/#logo\",\"inLanguage\":\"pt-BR\",\"url\":\"https:\/\/moraistavares.adv.br\/blog\/wp-content\/uploads\/2020\/09\/cropped-logo-morais-e-tavares.png\",\"width\":282,\"height\":110,\"caption\":\"Morais & Tavares Advogados Associados\"},\"image\":{\"@id\":\"https:\/\/moraistavares.adv.br\/blog\/#logo\"}},{\"@type\":\"WebSite\",\"@id\":\"https:\/\/moraistavares.adv.br\/blog\/#website\",\"url\":\"https:\/\/moraistavares.adv.br\/blog\/\",\"name\":\"Blog Morais & Tavares Advogados\",\"description\":\"Not\\u00edcias e Informa\\u00e7\\u00f5es do escrit\\u00f3rio Morais &amp; Tavares Advogados Associados\",\"publisher\":{\"@id\":\"https:\/\/moraistavares.adv.br\/blog\/#organization\"},\"potentialAction\":[{\"@type\":\"SearchAction\",\"target\":\"https:\/\/moraistavares.adv.br\/blog\/?s={search_term_string}\",\"query-input\":\"required name=search_term_string\"}],\"inLanguage\":\"pt-BR\"},{\"@type\":\"ImageObject\",\"@id\":\"https:\/\/moraistavares.adv.br\/blog\/o-exame-para-deteccao-do-coronavirus-e-coberto-pelos-planos-de-saude\/#primaryimage\",\"inLanguage\":\"pt-BR\",\"url\":\"https:\/\/moraistavares.adv.br\/blog\/wp-content\/uploads\/2021\/04\/advogado-planos-de-saude.jpg\",\"width\":1200,\"height\":439,\"caption\":\"advogado planos de sa\\u00fade\"},{\"@type\":\"WebPage\",\"@id\":\"https:\/\/moraistavares.adv.br\/blog\/o-exame-para-deteccao-do-coronavirus-e-coberto-pelos-planos-de-saude\/#webpage\",\"url\":\"https:\/\/moraistavares.adv.br\/blog\/o-exame-para-deteccao-do-coronavirus-e-coberto-pelos-planos-de-saude\/\",\"name\":\"O exame para detec\\u00e7\\u00e3o do Coronav\\u00edrus \\u00e9 coberto pelos planos de sa\\u00fade? - Blog Morais &amp; Tavares Advogados\",\"isPartOf\":{\"@id\":\"https:\/\/moraistavares.adv.br\/blog\/#website\"},\"primaryImageOfPage\":{\"@id\":\"https:\/\/moraistavares.adv.br\/blog\/o-exame-para-deteccao-do-coronavirus-e-coberto-pelos-planos-de-saude\/#primaryimage\"},\"datePublished\":\"2021-05-27T13:52:19+00:00\",\"dateModified\":\"2021-05-27T13:52:19+00:00\",\"description\":\"Sim, o exame para COVID-19, RT PCR \\u00e9 de cobertura obrigat\\u00f3ria aos benefici\\u00e1rios de planos de sa\\u00fade, fazendo parte do Rol da ANS.\",\"inLanguage\":\"pt-BR\",\"potentialAction\":[{\"@type\":\"ReadAction\",\"target\":[\"https:\/\/moraistavares.adv.br\/blog\/o-exame-para-deteccao-do-coronavirus-e-coberto-pelos-planos-de-saude\/\"]}]},{\"@type\":\"Article\",\"@id\":\"https:\/\/moraistavares.adv.br\/blog\/o-exame-para-deteccao-do-coronavirus-e-coberto-pelos-planos-de-saude\/#article\",\"isPartOf\":{\"@id\":\"https:\/\/moraistavares.adv.br\/blog\/o-exame-para-deteccao-do-coronavirus-e-coberto-pelos-planos-de-saude\/#webpage\"},\"author\":{\"@id\":\"https:\/\/moraistavares.adv.br\/blog\/#\/schema\/person\/50985d3ae4b2de3d7bfbb05a215e0ff5\"},\"headline\":\"O exame para detec\\u00e7\\u00e3o do Coronav\\u00edrus \\u00e9 coberto pelos planos de sa\\u00fade?\",\"datePublished\":\"2021-05-27T13:52:19+00:00\",\"dateModified\":\"2021-05-27T13:52:19+00:00\",\"mainEntityOfPage\":{\"@id\":\"https:\/\/moraistavares.adv.br\/blog\/o-exame-para-deteccao-do-coronavirus-e-coberto-pelos-planos-de-saude\/#webpage\"},\"commentCount\":0,\"publisher\":{\"@id\":\"https:\/\/moraistavares.adv.br\/blog\/#organization\"},\"image\":{\"@id\":\"https:\/\/moraistavares.adv.br\/blog\/o-exame-para-deteccao-do-coronavirus-e-coberto-pelos-planos-de-saude\/#primaryimage\"},\"keywords\":\"advogadodireitomedico,advogadodireitomedicocuritiba,advogadodireitom\\u00e9dicoembh,advogadodireitomedicojuizdefora,compliancenasaude,coronavirusbrazil,covid,covid_19,direitomedico,moraistavaresadvogados,Pandemia,planosdesaude\",\"articleSection\":\"COVID19,Direito M\\u00e9dico\",\"inLanguage\":\"pt-BR\",\"potentialAction\":[{\"@type\":\"CommentAction\",\"name\":\"Comment\",\"target\":[\"https:\/\/moraistavares.adv.br\/blog\/o-exame-para-deteccao-do-coronavirus-e-coberto-pelos-planos-de-saude\/#respond\"]}]},{\"@type\":\"Person\",\"@id\":\"https:\/\/moraistavares.adv.br\/blog\/#\/schema\/person\/50985d3ae4b2de3d7bfbb05a215e0ff5\",\"name\":\"Morais Tavares\",\"image\":{\"@type\":\"ImageObject\",\"@id\":\"https:\/\/moraistavares.adv.br\/blog\/#personlogo\",\"inLanguage\":\"pt-BR\",\"url\":\"https:\/\/secure.gravatar.com\/avatar\/9ce3d5303757237045117d3e94d9f8f1?s=96&d=mm&r=g\",\"caption\":\"Morais Tavares\"}}]}<\/script>\r\n<!-- \/ Yoast SEO Premium plugin. -->","_links":{"self":[{"href":"https:\/\/moraistavares.adv.br\/blog\/wp-json\/wp\/v2\/posts\/528"}],"collection":[{"href":"https:\/\/moraistavares.adv.br\/blog\/wp-json\/wp\/v2\/posts"}],"about":[{"href":"https:\/\/moraistavares.adv.br\/blog\/wp-json\/wp\/v2\/types\/post"}],"author":[{"embeddable":true,"href":"https:\/\/moraistavares.adv.br\/blog\/wp-json\/wp\/v2\/users\/1"}],"replies":[{"embeddable":true,"href":"https:\/\/moraistavares.adv.br\/blog\/wp-json\/wp\/v2\/comments?post=528"}],"version-history":[{"count":1,"href":"https:\/\/moraistavares.adv.br\/blog\/wp-json\/wp\/v2\/posts\/528\/revisions"}],"predecessor-version":[{"id":529,"href":"https:\/\/moraistavares.adv.br\/blog\/wp-json\/wp\/v2\/posts\/528\/revisions\/529"}],"wp:featuredmedia":[{"embeddable":true,"href":"https:\/\/moraistavares.adv.br\/blog\/wp-json\/wp\/v2\/media\/434"}],"wp:attachment":[{"href":"https:\/\/moraistavares.adv.br\/blog\/wp-json\/wp\/v2\/media?parent=528"}],"wp:term":[{"taxonomy":"category","embeddable":true,"href":"https:\/\/moraistavares.adv.br\/blog\/wp-json\/wp\/v2\/categories?post=528"},{"taxonomy":"post_tag","embeddable":true,"href":"https:\/\/moraistavares.adv.br\/blog\/wp-json\/wp\/v2\/tags?post=528"}],"curies":[{"name":"wp","href":"https:\/\/api.w.org\/{rel}","templated":true}]}}