{"id":51,"date":"2018-08-15T17:30:19","date_gmt":"2018-08-15T20:30:19","guid":{"rendered":"https:\/\/moraistavares.adv.br\/blog\/?p=51"},"modified":"2020-12-19T17:42:22","modified_gmt":"2020-12-19T19:42:22","slug":"do-direito-ao-inicio-do-tratamento-do-cancer-em-60-dias","status":"publish","type":"post","link":"https:\/\/moraistavares.adv.br\/blog\/do-direito-ao-inicio-do-tratamento-do-cancer-em-60-dias\/","title":{"rendered":"Do direito ao in\u00edcio do tratamento do c\u00e2ncer em 60 dias"},"content":{"rendered":"\r\n<p><strong>Escrito por: Dr. Luciano Tavares<\/strong><\/p>\r\n\r\n\r\n\r\n<p>O que me motiva muitas vezes a escrever artigos s\u00e3o as demandas que surgem em meu escrit\u00f3rio\u00a0<strong>Morais &amp; Tavares Advogados<\/strong>\u00a0em que sou um dos s\u00f3cios. E em especial vem aumentando demandas que muito me comovem, e que me faz buscar com afinco a tentativa da resolu\u00e7\u00e3o do problema, as causas relativas a sa\u00fade.<\/p>\r\n\r\n\r\n\r\n<p>Muitas vezes somos procurados por filhos, filhas, maridos, esposas preocupados com a sa\u00fade de seus entes queridos cujo direito \u00e9 violado.<\/p>\r\n\r\n\r\n\r\n<p>Neste curto artigo venho apresentar o direito ao tratamento do c\u00e2ncer, tratado pela Lei 12.732\/2012, que em termos t\u00e9cnicos rege sobre a neoplasia maligna comprovada.<\/p>\r\n\r\n\r\n\r\n<p>A Constitui\u00e7\u00e3o Federal de 1988 tem como fundamento principal a dignidade da pessoa humana, expressamente apresentado no artigo 2\u00ba, inciso III. Desta norma\/princ\u00edpio decorrem n\u00e3o s\u00f3 ordens constitucionais mas normas como a Lei 12.732\/2012 que garante aos pacientes com diagn\u00f3stico de c\u00e2ncer iniciar o primeiro tratamento em at\u00e9 60 dias de forma gratuita no Sistema \u00danico de Sa\u00fade (SUS).<\/p>\r\n\r\n\r\n\r\n<p>Assim, a Lei 12.732\/2012 em seu artigo 2\u00ba prev\u00ea que o paciente com neoplasia maligna tem direito de se submeter ao primeiro tratamento no Sistema \u00danico de Sa\u00fade, no prazo de at\u00e9 60 dias contados a partir do dia em que for realizado o diagn\u00f3stico m\u00e9dico, devidamente registrado no prontu\u00e1rio do paciente. Ou ent\u00e3o que o mesmo tratamento seja iniciado em prazo menor conforme a necessidade terap\u00eautica do caso.<\/p>\r\n\r\n\r\n\r\n<p>Mas o que a Lei considera como in\u00edcio do tratamento? O in\u00edcio do tratamento para a Lei \u00e9 a realiza\u00e7\u00e3o de terapia cir\u00fargica, ou o in\u00edcio de radioterapia ou de quimioterapia que ser\u00e1 determinado conforme a necessidade terap\u00eautica.<\/p>\r\n\r\n\r\n\r\n<p>A mesma Lei tamb\u00e9m informa que pacientes que estejam acometidos por manifesta\u00e7\u00f5es dolorosas consequentes da neoplasia maligna tenham tratamento privilegiado e gratuito quanto \u00e0s prescri\u00e7\u00f5es de analg\u00e9sicos.<\/p>\r\n\r\n\r\n\r\n<p>Verifica-se na pr\u00e1tica o desrespeito a tais direitos por parte do Ente p\u00fablico, desta forma, a pr\u00f3pria Lei diz que seu descumprimento submeter\u00e1 os gestores, direta e indiretamente respons\u00e1veis, \u00e0s penalidades administrativas.<\/p>\r\n\r\n\r\n\r\n<p>\u00c9 poss\u00edvel no caso do n\u00e3o cumprimento do expresso em lei a propositura de a\u00e7\u00f5es em face do ente p\u00fablico, de modo a obter no caso em comento o in\u00edcio do tratamento.<\/p>\r\n\r\n\r\n\r\n<p>Desta forma, verificando-se o desrespeito \u00e0 Lei procure aux\u00edlio jur\u00eddico. Para maiores informa\u00e7\u00f5es, contate-nos por meio do\u00a0<em>site<\/em>\u00a0de nosso escrit\u00f3rio.<\/p>\r\n\r\n\r\n\r\n<p>Acesse:\u00a0<a href=\"http:\/\/moraistavares.adv.br\/\" target=\"_blank\" rel=\"noreferrer noopener\">moraistavares.adv.br<\/a><\/p>\r\n\r\n\r\n\r\n<p>Fonte:<\/p>\r\n\r\n\r\n\r\n<p><a href=\"http:\/\/www.planalto.gov.br\/ccivil_03\/_ato2011-2014\/2012\/lei\/l12732.htm\" target=\"_blank\" rel=\"noreferrer noopener\">LEI N\u00ba 12.732, DE 22 DE NOVEMBRO DE 2012<\/a>.<\/p>\r\n\r\n\r\n\r\n\r\n\r\n<p>Acesse nossas redes sociais:<\/p>\r\n\r\n\r\n\r\n<p>\u2013\u00a0<strong>Instagram<\/strong>: @moraistavaresadv<\/p>\r\n\r\n\r\n\r\n<p>\u2013\u00a0<strong>Facebook<\/strong>: fb.me\/moraistavaresadvogados<\/p>\r\n","protected":false},"excerpt":{"rendered":"<p>Assim, a Lei 12.732\/2012 em seu artigo 2\u00ba prev\u00ea que o paciente com neoplasia maligna tem direito de se submeter ao primeiro tratamento no Sistema \u00danico de Sa\u00fade, no prazo de at\u00e9 60 dias contados a partir do dia em que for realizado o diagn\u00f3stico m\u00e9dico, devidamente registrado no prontu\u00e1rio do paciente.<\/p>\n","protected":false},"author":2,"featured_media":38,"comment_status":"closed","ping_status":"open","sticky":false,"template":"","format":"standard","meta":[],"categories":[19],"tags":[22,20,18,9,21],"yoast_head":"<!-- This site is optimized with the Yoast SEO Premium plugin v15.6.2 - https:\/\/yoast.com\/wordpress\/plugins\/seo\/ -->\r\n<title>Do direito ao in\u00edcio do tratamento do c\u00e2ncer em 60 dias - Blog Morais &amp; Tavares Advogados<\/title>\r\n<meta name=\"robots\" content=\"index, follow, max-snippet:-1, max-image-preview:large, max-video-preview:-1\" \/>\r\n<link rel=\"canonical\" href=\"https:\/\/moraistavares.adv.br\/blog\/do-direito-ao-inicio-do-tratamento-do-cancer-em-60-dias\/\" \/>\r\n<meta property=\"og:locale\" content=\"pt_BR\" \/>\r\n<meta property=\"og:type\" content=\"article\" \/>\r\n<meta property=\"og:title\" content=\"Do direito ao in\u00edcio do tratamento do c\u00e2ncer em 60 dias - Blog Morais &amp; Tavares Advogados\" \/>\r\n<meta property=\"og:description\" content=\"Assim, a Lei 12.732\/2012 em seu artigo 2\u00ba prev\u00ea que o paciente com neoplasia maligna tem direito de se submeter ao primeiro tratamento no Sistema \u00danico de Sa\u00fade, no prazo de at\u00e9 60 dias contados a partir do dia em que for realizado o diagn\u00f3stico m\u00e9dico, devidamente registrado no prontu\u00e1rio do paciente.\" \/>\r\n<meta property=\"og:url\" content=\"https:\/\/moraistavares.adv.br\/blog\/do-direito-ao-inicio-do-tratamento-do-cancer-em-60-dias\/\" \/>\r\n<meta property=\"og:site_name\" content=\"Blog Morais &amp; Tavares Advogados\" \/>\r\n<meta property=\"article:publisher\" content=\"https:\/\/www.facebook.com\/moraistavaresadvogados\/\" \/>\r\n<meta property=\"article:published_time\" content=\"2018-08-15T20:30:19+00:00\" \/>\r\n<meta property=\"article:modified_time\" content=\"2020-12-19T19:42:22+00:00\" \/>\r\n<meta property=\"og:image\" content=\"https:\/\/moraistavares.adv.br\/blog\/wp-content\/uploads\/2020\/03\/medico.jpg\" \/>\r\n\t<meta property=\"og:image:width\" content=\"750\" \/>\r\n\t<meta property=\"og:image:height\" content=\"450\" \/>\r\n<meta name=\"twitter:card\" content=\"summary_large_image\" \/>\r\n<meta name=\"twitter:creator\" content=\"@moraisetavares\" \/>\r\n<meta name=\"twitter:site\" content=\"@moraisetavares\" \/>\r\n<meta name=\"twitter:label1\" content=\"Est. reading time\">\n\t<meta name=\"twitter:data1\" content=\"2 minutos\">\r\n<script type=\"application\/ld+json\" class=\"yoast-schema-graph\">{\"@context\":\"https:\/\/schema.org\",\"@graph\":[{\"@type\":\"Organization\",\"@id\":\"https:\/\/moraistavares.adv.br\/blog\/#organization\",\"name\":\"Morais & Tavares Advogados Associados\",\"url\":\"https:\/\/moraistavares.adv.br\/blog\/\",\"sameAs\":[\"https:\/\/www.facebook.com\/moraistavaresadvogados\/\",\"https:\/\/www.instagram.com\/moraistavaresadv\/\",\"https:\/\/www.linkedin.com\/company\/morais-tavares-advogados-associados\/\",\"https:\/\/twitter.com\/moraisetavares\"],\"logo\":{\"@type\":\"ImageObject\",\"@id\":\"https:\/\/moraistavares.adv.br\/blog\/#logo\",\"inLanguage\":\"pt-BR\",\"url\":\"https:\/\/moraistavares.adv.br\/blog\/wp-content\/uploads\/2020\/09\/cropped-logo-morais-e-tavares.png\",\"width\":282,\"height\":110,\"caption\":\"Morais & Tavares Advogados Associados\"},\"image\":{\"@id\":\"https:\/\/moraistavares.adv.br\/blog\/#logo\"}},{\"@type\":\"WebSite\",\"@id\":\"https:\/\/moraistavares.adv.br\/blog\/#website\",\"url\":\"https:\/\/moraistavares.adv.br\/blog\/\",\"name\":\"Blog Morais & Tavares Advogados\",\"description\":\"Not\\u00edcias e Informa\\u00e7\\u00f5es do escrit\\u00f3rio Morais &amp; Tavares Advogados Associados\",\"publisher\":{\"@id\":\"https:\/\/moraistavares.adv.br\/blog\/#organization\"},\"potentialAction\":[{\"@type\":\"SearchAction\",\"target\":\"https:\/\/moraistavares.adv.br\/blog\/?s={search_term_string}\",\"query-input\":\"required name=search_term_string\"}],\"inLanguage\":\"pt-BR\"},{\"@type\":\"ImageObject\",\"@id\":\"https:\/\/moraistavares.adv.br\/blog\/do-direito-ao-inicio-do-tratamento-do-cancer-em-60-dias\/#primaryimage\",\"inLanguage\":\"pt-BR\",\"url\":\"https:\/\/moraistavares.adv.br\/blog\/wp-content\/uploads\/2020\/03\/medico.jpg\",\"width\":750,\"height\":450},{\"@type\":\"WebPage\",\"@id\":\"https:\/\/moraistavares.adv.br\/blog\/do-direito-ao-inicio-do-tratamento-do-cancer-em-60-dias\/#webpage\",\"url\":\"https:\/\/moraistavares.adv.br\/blog\/do-direito-ao-inicio-do-tratamento-do-cancer-em-60-dias\/\",\"name\":\"Do direito ao in\\u00edcio do tratamento do c\\u00e2ncer em 60 dias - Blog Morais &amp; Tavares Advogados\",\"isPartOf\":{\"@id\":\"https:\/\/moraistavares.adv.br\/blog\/#website\"},\"primaryImageOfPage\":{\"@id\":\"https:\/\/moraistavares.adv.br\/blog\/do-direito-ao-inicio-do-tratamento-do-cancer-em-60-dias\/#primaryimage\"},\"datePublished\":\"2018-08-15T20:30:19+00:00\",\"dateModified\":\"2020-12-19T19:42:22+00:00\",\"inLanguage\":\"pt-BR\",\"potentialAction\":[{\"@type\":\"ReadAction\",\"target\":[\"https:\/\/moraistavares.adv.br\/blog\/do-direito-ao-inicio-do-tratamento-do-cancer-em-60-dias\/\"]}]},{\"@type\":\"Article\",\"@id\":\"https:\/\/moraistavares.adv.br\/blog\/do-direito-ao-inicio-do-tratamento-do-cancer-em-60-dias\/#article\",\"isPartOf\":{\"@id\":\"https:\/\/moraistavares.adv.br\/blog\/do-direito-ao-inicio-do-tratamento-do-cancer-em-60-dias\/#webpage\"},\"author\":{\"@id\":\"https:\/\/moraistavares.adv.br\/blog\/#\/schema\/person\/bc036fb938d90d95345b6c3104d717fe\"},\"headline\":\"Do direito ao in\\u00edcio do tratamento do c\\u00e2ncer em 60 dias\",\"datePublished\":\"2018-08-15T20:30:19+00:00\",\"dateModified\":\"2020-12-19T19:42:22+00:00\",\"mainEntityOfPage\":{\"@id\":\"https:\/\/moraistavares.adv.br\/blog\/do-direito-ao-inicio-do-tratamento-do-cancer-em-60-dias\/#webpage\"},\"publisher\":{\"@id\":\"https:\/\/moraistavares.adv.br\/blog\/#organization\"},\"image\":{\"@id\":\"https:\/\/moraistavares.adv.br\/blog\/do-direito-ao-inicio-do-tratamento-do-cancer-em-60-dias\/#primaryimage\"},\"keywords\":\"Direito M\\u00e9dico,Lei 12.732\/2012,moraisetavares,moraistavares,Neoplasia maligna\",\"articleSection\":\"Direito M\\u00e9dico\",\"inLanguage\":\"pt-BR\"},{\"@type\":\"Person\",\"@id\":\"https:\/\/moraistavares.adv.br\/blog\/#\/schema\/person\/bc036fb938d90d95345b6c3104d717fe\",\"name\":\"Morais Tavares\",\"image\":{\"@type\":\"ImageObject\",\"@id\":\"https:\/\/moraistavares.adv.br\/blog\/#personlogo\",\"inLanguage\":\"pt-BR\",\"url\":\"https:\/\/secure.gravatar.com\/avatar\/47604615ef3ffb79e7a8589a319b9091?s=96&d=mm&r=g\",\"caption\":\"Morais Tavares\"}}]}<\/script>\r\n<!-- \/ Yoast SEO Premium plugin. -->","_links":{"self":[{"href":"https:\/\/moraistavares.adv.br\/blog\/wp-json\/wp\/v2\/posts\/51"}],"collection":[{"href":"https:\/\/moraistavares.adv.br\/blog\/wp-json\/wp\/v2\/posts"}],"about":[{"href":"https:\/\/moraistavares.adv.br\/blog\/wp-json\/wp\/v2\/types\/post"}],"author":[{"embeddable":true,"href":"https:\/\/moraistavares.adv.br\/blog\/wp-json\/wp\/v2\/users\/2"}],"replies":[{"embeddable":true,"href":"https:\/\/moraistavares.adv.br\/blog\/wp-json\/wp\/v2\/comments?post=51"}],"version-history":[{"count":3,"href":"https:\/\/moraistavares.adv.br\/blog\/wp-json\/wp\/v2\/posts\/51\/revisions"}],"predecessor-version":[{"id":208,"href":"https:\/\/moraistavares.adv.br\/blog\/wp-json\/wp\/v2\/posts\/51\/revisions\/208"}],"wp:featuredmedia":[{"embeddable":true,"href":"https:\/\/moraistavares.adv.br\/blog\/wp-json\/wp\/v2\/media\/38"}],"wp:attachment":[{"href":"https:\/\/moraistavares.adv.br\/blog\/wp-json\/wp\/v2\/media?parent=51"}],"wp:term":[{"taxonomy":"category","embeddable":true,"href":"https:\/\/moraistavares.adv.br\/blog\/wp-json\/wp\/v2\/categories?post=51"},{"taxonomy":"post_tag","embeddable":true,"href":"https:\/\/moraistavares.adv.br\/blog\/wp-json\/wp\/v2\/tags?post=51"}],"curies":[{"name":"wp","href":"https:\/\/api.w.org\/{rel}","templated":true}]}}