{"id":505,"date":"2021-05-23T18:58:03","date_gmt":"2021-05-23T21:58:03","guid":{"rendered":"https:\/\/moraistavares.adv.br\/blog\/?p=505"},"modified":"2021-05-23T18:58:03","modified_gmt":"2021-05-23T21:58:03","slug":"lei-preve-validade-maior-de-prescricao-medica-para-gravida-e-facilita-internacao-em-uti-durante-a-pandemia","status":"publish","type":"post","link":"https:\/\/moraistavares.adv.br\/blog\/lei-preve-validade-maior-de-prescricao-medica-para-gravida-e-facilita-internacao-em-uti-durante-a-pandemia\/","title":{"rendered":"Lei prev\u00ea validade maior de prescri\u00e7\u00e3o m\u00e9dica para gr\u00e1vida e facilita interna\u00e7\u00e3o em UTI durante a pandemia"},"content":{"rendered":"<h1>Lei prev\u00ea validade maior de prescri\u00e7\u00e3o m\u00e9dica para gr\u00e1vida e facilita interna\u00e7\u00e3o em UTI durante a pandemia<\/h1>\n<div class=\"\" data-block=\"true\" data-editor=\"bdr54\" data-offset-key=\"60err-0-0\">\n<div class=\"_1mf _1mj\" data-offset-key=\"60err-0-0\"><span data-offset-key=\"60err-0-0\">Foi sancionada lei que estende o prazo de validade de prescri\u00e7\u00f5es m\u00e9dicas e pedidos de exames para mulheres gr\u00e1vidas ou que tenham dado \u00e0 luz enquanto durar a pandemia de Covid-19.<\/span><\/div>\n<\/div>\n<div class=\"\" data-block=\"true\" data-editor=\"bdr54\" data-offset-key=\"68dbp-0-0\">\n<div class=\"_1mf _1mj\" data-offset-key=\"68dbp-0-0\"><span data-offset-key=\"68dbp-0-0\">\u00a0<\/span><\/div>\n<\/div>\n<div class=\"\" data-block=\"true\" data-editor=\"bdr54\" data-offset-key=\"7m8bs-0-0\">\n<div class=\"_1mf _1mj\" data-offset-key=\"7m8bs-0-0\"><span data-offset-key=\"7m8bs-0-0\">Pela regra, os documentos, a crit\u00e9rio do m\u00e9dico, podem se manter v\u00e1lidos durante toda a gesta\u00e7\u00e3o ou o puerp\u00e9rio (per\u00edodo que termina quando o corpo da mulher volta \u00e0s condi\u00e7\u00f5es anteriores \u00e0 gravidez), podendo ser usados formul\u00e1rios em meio eletr\u00f4nico.<\/span><\/div>\n<\/div>\n<div class=\"\" data-block=\"true\" data-editor=\"bdr54\" data-offset-key=\"6ohgk-0-0\">\n<div class=\"_1mf _1mj\" data-offset-key=\"6ohgk-0-0\"><span data-offset-key=\"6ohgk-0-0\">\u00a0<\/span><\/div>\n<\/div>\n<div class=\"\" data-block=\"true\" data-editor=\"bdr54\" data-offset-key=\"d5o1f-0-0\">\n<div class=\"_1mf _1mj\" data-offset-key=\"d5o1f-0-0\"><span data-offset-key=\"d5o1f-0-0\">Ainda pela lei, o sistema de sa\u00fade dever\u00e1 facilitar o acesso de gr\u00e1vidas e pu\u00e9rperas a cuidados intensivos e \u00e0 interna\u00e7\u00e3o em unidades de terapia intensiva (UTIs) durante a pandemia.<\/span><\/div>\n<\/div>\n<div class=\"\" data-block=\"true\" data-editor=\"bdr54\" data-offset-key=\"qsth-0-0\">\n<div class=\"_1mf _1mj\" data-offset-key=\"qsth-0-0\"><span data-offset-key=\"qsth-0-0\">\u00a0<\/span><\/div>\n<\/div>\n<div class=\"\" data-block=\"true\" data-editor=\"bdr54\" data-offset-key=\"5smi5-0-0\">\n<div class=\"_1mf _1mj\" data-offset-key=\"5smi5-0-0\"><span data-offset-key=\"5smi5-0-0\">Publica\u00e7\u00e3o de acordo com Provimento 94\/CFOAB.<\/span><\/div>\n<\/div>\n<div class=\"\" data-block=\"true\" data-editor=\"bdr54\" data-offset-key=\"7ecej-0-0\">\n<div class=\"_1mf _1mj\" data-offset-key=\"7ecej-0-0\"><span data-offset-key=\"7ecej-0-0\">\u00a0<\/span><\/div>\n<\/div>\n<div class=\"\" data-block=\"true\" data-editor=\"bdr54\" data-offset-key=\"1n4bv-0-0\">\n<div class=\"_1mf _1mj\" data-offset-key=\"1n4bv-0-0\"><span data-offset-key=\"1n4bv-0-0\">Morais &amp; Tavares Advogados Associados: Juiz de Fora &#8211; Belo Horizonte &#8211; Curitiba &#8211; Jo\u00e3o Pessoa &#8211; Teresina &#8211; Manhua\u00e7u &#8211; Santos Dumont &#8211; Ub\u00e1.<\/span><\/div>\n<\/div>\n<div class=\"\" data-block=\"true\" data-editor=\"bdr54\" data-offset-key=\"bnn5f-0-0\">\n<div class=\"_1mf _1mj\" data-offset-key=\"bnn5f-0-0\"><span data-offset-key=\"bnn5f-0-0\">\u00a0<\/span><\/div>\n<\/div>\n<div class=\"\" data-block=\"true\" data-editor=\"bdr54\" data-offset-key=\"87qui-0-0\">\n<div class=\"_1mf _1mj\" data-offset-key=\"87qui-0-0\"><span class=\"_5zk7\" spellcheck=\"false\" data-offset-key=\"87qui-0-0\"><span data-offset-key=\"87qui-0-0\">#covid_19<\/span><\/span> <span class=\"_5zk7\" spellcheck=\"false\" data-offset-key=\"87qui-2-0\"><span data-offset-key=\"87qui-2-0\">#covid<\/span><\/span> <span class=\"_5zk7\" spellcheck=\"false\" data-offset-key=\"87qui-4-0\"><span data-offset-key=\"87qui-4-0\">#pandemia<\/span><\/span> <span class=\"_5zk7\" spellcheck=\"false\" data-offset-key=\"87qui-6-0\"><span data-offset-key=\"87qui-6-0\">#gravidez<\/span><\/span> <span class=\"_5zk7\" spellcheck=\"false\" data-offset-key=\"87qui-8-0\"><span data-offset-key=\"87qui-8-0\">#gravidas<\/span><\/span> <span class=\"_5zk7\" spellcheck=\"false\" data-offset-key=\"87qui-10-0\"><span data-offset-key=\"87qui-10-0\">#puerperio<\/span><\/span> <span class=\"_5zk7\" spellcheck=\"false\" data-offset-key=\"87qui-12-0\"><span data-offset-key=\"87qui-12-0\">#direitomedico<\/span><\/span> <span class=\"_5zk7\" spellcheck=\"false\" data-offset-key=\"87qui-14-0\"><span data-offset-key=\"87qui-14-0\">#advogadodireitomedico<\/span><\/span> <span class=\"_5zk7\" spellcheck=\"false\" data-offset-key=\"87qui-16-0\"><span data-offset-key=\"87qui-16-0\">#advogadodireitomedicojuizdefora<\/span><\/span> <span class=\"_5zk7\" spellcheck=\"false\" data-offset-key=\"87qui-18-0\"><span data-offset-key=\"87qui-18-0\">#advogadodireitom\u00e9dicoembh<\/span><\/span> <span class=\"_5zk7\" spellcheck=\"false\" data-offset-key=\"87qui-20-0\"><span data-offset-key=\"87qui-20-0\">#advogadodireitomedicocuritiba<\/span><\/span> <span class=\"_5zk7\" spellcheck=\"false\" data-offset-key=\"87qui-22-0\"><span data-offset-key=\"87qui-22-0\">#advogadodireitomedicoteresina<\/span><\/span> <span class=\"_5zk7\" spellcheck=\"false\" data-offset-key=\"87qui-24-0\"><span data-offset-key=\"87qui-24-0\">#moraistavaresadvogados<\/span><\/span><\/div>\n<\/div>\n","protected":false},"excerpt":{"rendered":"<p>Lei prev\u00ea validade maior de prescri\u00e7\u00e3o m\u00e9dica para gr\u00e1vida e facilita interna\u00e7\u00e3o em UTI durante [&hellip;]<\/p>\n","protected":false},"author":1,"featured_media":441,"comment_status":"open","ping_status":"open","sticky":false,"template":"","format":"standard","meta":[],"categories":[19],"tags":[164,349,348,153,359,284,327,138,357,356,101,65,358],"yoast_head":"<!-- This site is optimized with the Yoast SEO Premium plugin v15.6.2 - https:\/\/yoast.com\/wordpress\/plugins\/seo\/ -->\r\n<title>Lei prev\u00ea validade maior de prescri\u00e7\u00e3o m\u00e9dica para gr\u00e1vida e facilita interna\u00e7\u00e3o em UTI durante a pandemia - Blog Morais &amp; Tavares Advogados<\/title>\r\n<meta name=\"description\" content=\"Lei aumenta o prazo de validade de prescri\u00e7\u00f5es m\u00e9dicas e pedidos de exames para gr\u00e1vidas, al\u00e9m de facilitar o acesso a UTI para mulheres gr\u00e1vidas.\" \/>\r\n<meta name=\"robots\" content=\"index, follow, max-snippet:-1, max-image-preview:large, max-video-preview:-1\" \/>\r\n<link rel=\"canonical\" href=\"https:\/\/moraistavares.adv.br\/blog\/lei-preve-validade-maior-de-prescricao-medica-para-gravida-e-facilita-internacao-em-uti-durante-a-pandemia\/\" \/>\r\n<meta property=\"og:locale\" content=\"pt_BR\" \/>\r\n<meta property=\"og:type\" content=\"article\" \/>\r\n<meta property=\"og:title\" content=\"Lei prev\u00ea validade maior de prescri\u00e7\u00e3o m\u00e9dica para gr\u00e1vida e facilita interna\u00e7\u00e3o em UTI durante a pandemia - Blog Morais &amp; Tavares Advogados\" \/>\r\n<meta property=\"og:description\" content=\"Lei aumenta o prazo de validade de prescri\u00e7\u00f5es m\u00e9dicas e pedidos de exames para gr\u00e1vidas, al\u00e9m de facilitar o acesso a UTI para mulheres gr\u00e1vidas.\" \/>\r\n<meta property=\"og:url\" content=\"https:\/\/moraistavares.adv.br\/blog\/lei-preve-validade-maior-de-prescricao-medica-para-gravida-e-facilita-internacao-em-uti-durante-a-pandemia\/\" \/>\r\n<meta property=\"og:site_name\" content=\"Blog Morais &amp; Tavares Advogados\" \/>\r\n<meta property=\"article:publisher\" content=\"https:\/\/www.facebook.com\/moraistavaresadvogados\/\" \/>\r\n<meta property=\"article:published_time\" content=\"2021-05-23T21:58:03+00:00\" \/>\r\n<meta property=\"og:image\" content=\"https:\/\/moraistavares.adv.br\/blog\/wp-content\/uploads\/2021\/05\/Direito-Medico.jpg\" \/>\r\n\t<meta property=\"og:image:width\" content=\"1200\" \/>\r\n\t<meta property=\"og:image:height\" content=\"439\" \/>\r\n<meta name=\"twitter:card\" content=\"summary_large_image\" \/>\r\n<meta name=\"twitter:creator\" content=\"@moraisetavares\" \/>\r\n<meta name=\"twitter:site\" content=\"@moraisetavares\" \/>\r\n<meta name=\"twitter:label1\" content=\"Est. reading time\">\n\t<meta name=\"twitter:data1\" content=\"1 minuto\">\r\n<script type=\"application\/ld+json\" class=\"yoast-schema-graph\">{\"@context\":\"https:\/\/schema.org\",\"@graph\":[{\"@type\":\"Organization\",\"@id\":\"https:\/\/moraistavares.adv.br\/blog\/#organization\",\"name\":\"Morais & Tavares Advogados Associados\",\"url\":\"https:\/\/moraistavares.adv.br\/blog\/\",\"sameAs\":[\"https:\/\/www.facebook.com\/moraistavaresadvogados\/\",\"https:\/\/www.instagram.com\/moraistavaresadv\/\",\"https:\/\/www.linkedin.com\/company\/morais-tavares-advogados-associados\/\",\"https:\/\/twitter.com\/moraisetavares\"],\"logo\":{\"@type\":\"ImageObject\",\"@id\":\"https:\/\/moraistavares.adv.br\/blog\/#logo\",\"inLanguage\":\"pt-BR\",\"url\":\"https:\/\/moraistavares.adv.br\/blog\/wp-content\/uploads\/2020\/09\/cropped-logo-morais-e-tavares.png\",\"width\":282,\"height\":110,\"caption\":\"Morais & Tavares Advogados Associados\"},\"image\":{\"@id\":\"https:\/\/moraistavares.adv.br\/blog\/#logo\"}},{\"@type\":\"WebSite\",\"@id\":\"https:\/\/moraistavares.adv.br\/blog\/#website\",\"url\":\"https:\/\/moraistavares.adv.br\/blog\/\",\"name\":\"Blog Morais & Tavares Advogados\",\"description\":\"Not\\u00edcias e Informa\\u00e7\\u00f5es do escrit\\u00f3rio Morais &amp; Tavares Advogados Associados\",\"publisher\":{\"@id\":\"https:\/\/moraistavares.adv.br\/blog\/#organization\"},\"potentialAction\":[{\"@type\":\"SearchAction\",\"target\":\"https:\/\/moraistavares.adv.br\/blog\/?s={search_term_string}\",\"query-input\":\"required name=search_term_string\"}],\"inLanguage\":\"pt-BR\"},{\"@type\":\"ImageObject\",\"@id\":\"https:\/\/moraistavares.adv.br\/blog\/lei-preve-validade-maior-de-prescricao-medica-para-gravida-e-facilita-internacao-em-uti-durante-a-pandemia\/#primaryimage\",\"inLanguage\":\"pt-BR\",\"url\":\"https:\/\/moraistavares.adv.br\/blog\/wp-content\/uploads\/2021\/05\/Direito-Medico.jpg\",\"width\":1200,\"height\":439,\"caption\":\"Direito M\\u00e9dico\"},{\"@type\":\"WebPage\",\"@id\":\"https:\/\/moraistavares.adv.br\/blog\/lei-preve-validade-maior-de-prescricao-medica-para-gravida-e-facilita-internacao-em-uti-durante-a-pandemia\/#webpage\",\"url\":\"https:\/\/moraistavares.adv.br\/blog\/lei-preve-validade-maior-de-prescricao-medica-para-gravida-e-facilita-internacao-em-uti-durante-a-pandemia\/\",\"name\":\"Lei prev\\u00ea validade maior de prescri\\u00e7\\u00e3o m\\u00e9dica para gr\\u00e1vida e facilita interna\\u00e7\\u00e3o em UTI durante a pandemia - Blog Morais &amp; Tavares Advogados\",\"isPartOf\":{\"@id\":\"https:\/\/moraistavares.adv.br\/blog\/#website\"},\"primaryImageOfPage\":{\"@id\":\"https:\/\/moraistavares.adv.br\/blog\/lei-preve-validade-maior-de-prescricao-medica-para-gravida-e-facilita-internacao-em-uti-durante-a-pandemia\/#primaryimage\"},\"datePublished\":\"2021-05-23T21:58:03+00:00\",\"dateModified\":\"2021-05-23T21:58:03+00:00\",\"description\":\"Lei aumenta o prazo de validade de prescri\\u00e7\\u00f5es m\\u00e9dicas e pedidos de exames para gr\\u00e1vidas, al\\u00e9m de facilitar o acesso a UTI para mulheres gr\\u00e1vidas.\",\"inLanguage\":\"pt-BR\",\"potentialAction\":[{\"@type\":\"ReadAction\",\"target\":[\"https:\/\/moraistavares.adv.br\/blog\/lei-preve-validade-maior-de-prescricao-medica-para-gravida-e-facilita-internacao-em-uti-durante-a-pandemia\/\"]}]},{\"@type\":\"Article\",\"@id\":\"https:\/\/moraistavares.adv.br\/blog\/lei-preve-validade-maior-de-prescricao-medica-para-gravida-e-facilita-internacao-em-uti-durante-a-pandemia\/#article\",\"isPartOf\":{\"@id\":\"https:\/\/moraistavares.adv.br\/blog\/lei-preve-validade-maior-de-prescricao-medica-para-gravida-e-facilita-internacao-em-uti-durante-a-pandemia\/#webpage\"},\"author\":{\"@id\":\"https:\/\/moraistavares.adv.br\/blog\/#\/schema\/person\/50985d3ae4b2de3d7bfbb05a215e0ff5\"},\"headline\":\"Lei prev\\u00ea validade maior de prescri\\u00e7\\u00e3o m\\u00e9dica para gr\\u00e1vida e facilita interna\\u00e7\\u00e3o em UTI durante a pandemia\",\"datePublished\":\"2021-05-23T21:58:03+00:00\",\"dateModified\":\"2021-05-23T21:58:03+00:00\",\"mainEntityOfPage\":{\"@id\":\"https:\/\/moraistavares.adv.br\/blog\/lei-preve-validade-maior-de-prescricao-medica-para-gravida-e-facilita-internacao-em-uti-durante-a-pandemia\/#webpage\"},\"commentCount\":0,\"publisher\":{\"@id\":\"https:\/\/moraistavares.adv.br\/blog\/#organization\"},\"image\":{\"@id\":\"https:\/\/moraistavares.adv.br\/blog\/lei-preve-validade-maior-de-prescricao-medica-para-gravida-e-facilita-internacao-em-uti-durante-a-pandemia\/#primaryimage\"},\"keywords\":\"advogadodireitomedico,advogadodireitomedicocuritiba,advogadodireitom\\u00e9dicoembh,advogadodireitomedicojuizdefora,advogadodireitomedicoteresina,covid,covid_19,direitomedico,gravidas,gravidez,moraistavaresadvogados,Pandemia,puerperio\",\"articleSection\":\"Direito M\\u00e9dico\",\"inLanguage\":\"pt-BR\",\"potentialAction\":[{\"@type\":\"CommentAction\",\"name\":\"Comment\",\"target\":[\"https:\/\/moraistavares.adv.br\/blog\/lei-preve-validade-maior-de-prescricao-medica-para-gravida-e-facilita-internacao-em-uti-durante-a-pandemia\/#respond\"]}]},{\"@type\":\"Person\",\"@id\":\"https:\/\/moraistavares.adv.br\/blog\/#\/schema\/person\/50985d3ae4b2de3d7bfbb05a215e0ff5\",\"name\":\"Morais Tavares\",\"image\":{\"@type\":\"ImageObject\",\"@id\":\"https:\/\/moraistavares.adv.br\/blog\/#personlogo\",\"inLanguage\":\"pt-BR\",\"url\":\"https:\/\/secure.gravatar.com\/avatar\/9ce3d5303757237045117d3e94d9f8f1?s=96&d=mm&r=g\",\"caption\":\"Morais Tavares\"}}]}<\/script>\r\n<!-- \/ Yoast SEO Premium plugin. -->","_links":{"self":[{"href":"https:\/\/moraistavares.adv.br\/blog\/wp-json\/wp\/v2\/posts\/505"}],"collection":[{"href":"https:\/\/moraistavares.adv.br\/blog\/wp-json\/wp\/v2\/posts"}],"about":[{"href":"https:\/\/moraistavares.adv.br\/blog\/wp-json\/wp\/v2\/types\/post"}],"author":[{"embeddable":true,"href":"https:\/\/moraistavares.adv.br\/blog\/wp-json\/wp\/v2\/users\/1"}],"replies":[{"embeddable":true,"href":"https:\/\/moraistavares.adv.br\/blog\/wp-json\/wp\/v2\/comments?post=505"}],"version-history":[{"count":1,"href":"https:\/\/moraistavares.adv.br\/blog\/wp-json\/wp\/v2\/posts\/505\/revisions"}],"predecessor-version":[{"id":506,"href":"https:\/\/moraistavares.adv.br\/blog\/wp-json\/wp\/v2\/posts\/505\/revisions\/506"}],"wp:featuredmedia":[{"embeddable":true,"href":"https:\/\/moraistavares.adv.br\/blog\/wp-json\/wp\/v2\/media\/441"}],"wp:attachment":[{"href":"https:\/\/moraistavares.adv.br\/blog\/wp-json\/wp\/v2\/media?parent=505"}],"wp:term":[{"taxonomy":"category","embeddable":true,"href":"https:\/\/moraistavares.adv.br\/blog\/wp-json\/wp\/v2\/categories?post=505"},{"taxonomy":"post_tag","embeddable":true,"href":"https:\/\/moraistavares.adv.br\/blog\/wp-json\/wp\/v2\/tags?post=505"}],"curies":[{"name":"wp","href":"https:\/\/api.w.org\/{rel}","templated":true}]}}