{"id":501,"date":"2021-05-20T10:28:59","date_gmt":"2021-05-20T13:28:59","guid":{"rendered":"https:\/\/moraistavares.adv.br\/blog\/?p=501"},"modified":"2021-05-20T10:28:59","modified_gmt":"2021-05-20T13:28:59","slug":"concubina-nao-pode-dividir-pensao-com-viuva-decide-1a-turma-do-stf","status":"publish","type":"post","link":"https:\/\/moraistavares.adv.br\/blog\/concubina-nao-pode-dividir-pensao-com-viuva-decide-1a-turma-do-stf\/","title":{"rendered":"Concubina n\u00e3o pode dividir pens\u00e3o com vi\u00fava, decide 1\u00aa Turma do STF"},"content":{"rendered":"<h1 class=\"entry-title\">Concubina n\u00e3o pode dividir pens\u00e3o com vi\u00fava, decide 1\u00aa Turma do STF<\/h1>\n<p>Como a rela\u00e7\u00e3o de concubinato n\u00e3o \u00e9 protegida pela Constitui\u00e7\u00e3o, a 1\u00aa Turma do Supremo Tribunal Federal negou nesta ter\u00e7a-feira (18\/5) agravo de instrumento a uma mulher, concubina de um homem falecido, que tentava dividir a pens\u00e3o com a vi\u00fava.<\/p>\n<p>O relator, ministro Marco Aur\u00e9lio, foi acompanhado por unanimidade. Ele lembrou que o C\u00f3digo Civil define, no artigo 1.727, o concubinato como a rela\u00e7\u00e3o n\u00e3o eventual entre homem e mulher impedidos de casar.<br \/>\nSegundo ele, a concubina desejava obter a prote\u00e7\u00e3o garantida pelo artigo 226 da Constitui\u00e7\u00e3o, voltado ao casamento e \u00e0 uni\u00e3o est\u00e1vel. Por\u00e9m, ressaltou que &#8220;a uni\u00e3o est\u00e1vel merece prote\u00e7\u00e3o do Estado, mas o concubinato, n\u00e3o, por ser uma rela\u00e7\u00e3o il\u00edcita&#8221;.<\/p>\n<p>Marco Aur\u00e9lio ainda lembrou que o Plen\u00e1rio da Corte recentemente afastou a possibilidade de reconhecimento de uni\u00f5es est\u00e1veis simult\u00e2neas, com base no dever de fidelidade e da monogamia consagrados pelo ordenamento jur\u00eddico brasileiro.<\/p>\n<p>O termo concubinato deriva de uma \u00e9poca em que a separa\u00e7\u00e3o n\u00e3o era permitida por lei. As pessoas que n\u00e3o desejavam mais viver no casamento passavam a se relacionar de maneira &#8220;ilegal&#8221;, sem ser casado no papel.<\/p>\n<p>AI 619.002<\/p>\n<p><strong>Fonte<\/strong>: Conjur<\/p>\n<p>&nbsp;<\/p>\n<div class=\"\" data-block=\"true\" data-editor=\"130r7\" data-offset-key=\"7tgli-0-0\">\n<div class=\"_1mf _1mj\" data-offset-key=\"7tgli-0-0\"><span data-offset-key=\"7tgli-0-0\">\u00a0<\/span><\/div>\n<\/div>\n<div class=\"\" data-block=\"true\" data-editor=\"130r7\" data-offset-key=\"4f04s-0-0\">\n<div class=\"_1mf _1mj\" data-offset-key=\"4f04s-0-0\"><span class=\"_5zk7\" spellcheck=\"false\" data-offset-key=\"4f04s-0-0\"><span data-offset-key=\"4f04s-0-0\">#pensaopormorte<\/span><\/span> <span class=\"_5zk7\" spellcheck=\"false\" data-offset-key=\"4f04s-2-0\"><span data-offset-key=\"4f04s-2-0\">#concubina<\/span><\/span> <span class=\"_5zk7\" spellcheck=\"false\" data-offset-key=\"4f04s-4-0\"><span data-offset-key=\"4f04s-4-0\">#concubinato<\/span><\/span> <span class=\"_5zk7\" spellcheck=\"false\" data-offset-key=\"4f04s-6-0\"><span data-offset-key=\"4f04s-6-0\">#separacao<\/span><\/span> <span class=\"_5zk7\" spellcheck=\"false\" data-offset-key=\"4f04s-8-0\"><span data-offset-key=\"4f04s-8-0\">#advogadodireitodefamilia<\/span><\/span> <span class=\"_5zk7\" spellcheck=\"false\" data-offset-key=\"4f04s-10-0\"><span data-offset-key=\"4f04s-10-0\">#advogadodireitodefamiliajuizdefora<\/span><\/span> <span class=\"_5zk7\" spellcheck=\"false\" data-offset-key=\"4f04s-12-0\"><span data-offset-key=\"4f04s-12-0\">#advogadodireitodefamiliabh<\/span><\/span> <span class=\"_5zk7\" spellcheck=\"false\" data-offset-key=\"4f04s-14-0\"><span data-offset-key=\"4f04s-14-0\">#advogadodireitodefamiliarcuritiba<\/span><\/span> <span class=\"_5zk7\" spellcheck=\"false\" data-offset-key=\"4f04s-16-0\"><span data-offset-key=\"4f04s-16-0\">#advogadodireitodefamiliajoaopessoa<\/span><\/span> <span class=\"_5zk7\" spellcheck=\"false\" data-offset-key=\"4f04s-18-0\"><span data-offset-key=\"4f04s-18-0\">#direitodefamilia<\/span><\/span> <span class=\"_5zk7\" spellcheck=\"false\" data-offset-key=\"4f04s-20-0\"><span data-offset-key=\"4f04s-20-0\">#moraistavaresadvogados<\/span><\/span><\/div>\n<\/div>\n","protected":false},"excerpt":{"rendered":"<p>Concubina n\u00e3o pode dividir pens\u00e3o com vi\u00fava, decide 1\u00aa Turma do STF Como a rela\u00e7\u00e3o [&hellip;]<\/p>\n","protected":false},"author":1,"featured_media":454,"comment_status":"open","ping_status":"open","sticky":false,"template":"","format":"standard","meta":[],"categories":[29],"tags":[224,225,355,251,354,351,352,130,101,350,353],"yoast_head":"<!-- This site is optimized with the Yoast SEO Premium plugin v15.6.2 - https:\/\/yoast.com\/wordpress\/plugins\/seo\/ -->\r\n<title>Concubina n\u00e3o pode dividir pens\u00e3o com vi\u00fava, decide 1\u00aa Turma do STF - Blog Morais &amp; Tavares Advogados<\/title>\r\n<meta name=\"description\" content=\"O STF entendeu que o concubinato como n\u00e3o \u00e9 protegido pela Constitui\u00e7\u00e3o, a concubina n\u00e3o tem direito de dividir a pens\u00e3o com a vi\u00fava.\" \/>\r\n<meta name=\"robots\" content=\"index, follow, max-snippet:-1, max-image-preview:large, max-video-preview:-1\" \/>\r\n<link rel=\"canonical\" href=\"https:\/\/moraistavares.adv.br\/blog\/concubina-nao-pode-dividir-pensao-com-viuva-decide-1a-turma-do-stf\/\" \/>\r\n<meta property=\"og:locale\" content=\"pt_BR\" \/>\r\n<meta property=\"og:type\" content=\"article\" \/>\r\n<meta property=\"og:title\" content=\"Concubina n\u00e3o pode dividir pens\u00e3o com vi\u00fava, decide 1\u00aa Turma do STF - Blog Morais &amp; Tavares Advogados\" \/>\r\n<meta property=\"og:description\" content=\"O STF entendeu que o concubinato como n\u00e3o \u00e9 protegido pela Constitui\u00e7\u00e3o, a concubina n\u00e3o tem direito de dividir a pens\u00e3o com a vi\u00fava.\" \/>\r\n<meta property=\"og:url\" content=\"https:\/\/moraistavares.adv.br\/blog\/concubina-nao-pode-dividir-pensao-com-viuva-decide-1a-turma-do-stf\/\" \/>\r\n<meta property=\"og:site_name\" content=\"Blog Morais &amp; Tavares Advogados\" \/>\r\n<meta property=\"article:publisher\" content=\"https:\/\/www.facebook.com\/moraistavaresadvogados\/\" \/>\r\n<meta property=\"article:published_time\" content=\"2021-05-20T13:28:59+00:00\" \/>\r\n<meta property=\"og:image\" content=\"https:\/\/moraistavares.adv.br\/blog\/wp-content\/uploads\/2021\/05\/direito-familia.jpg\" \/>\r\n\t<meta property=\"og:image:width\" content=\"1200\" \/>\r\n\t<meta property=\"og:image:height\" content=\"439\" \/>\r\n<meta name=\"twitter:card\" content=\"summary_large_image\" \/>\r\n<meta name=\"twitter:creator\" content=\"@moraisetavares\" \/>\r\n<meta name=\"twitter:site\" content=\"@moraisetavares\" \/>\r\n<meta name=\"twitter:label1\" content=\"Est. reading time\">\n\t<meta name=\"twitter:data1\" content=\"1 minuto\">\r\n<script type=\"application\/ld+json\" class=\"yoast-schema-graph\">{\"@context\":\"https:\/\/schema.org\",\"@graph\":[{\"@type\":\"Organization\",\"@id\":\"https:\/\/moraistavares.adv.br\/blog\/#organization\",\"name\":\"Morais & Tavares Advogados Associados\",\"url\":\"https:\/\/moraistavares.adv.br\/blog\/\",\"sameAs\":[\"https:\/\/www.facebook.com\/moraistavaresadvogados\/\",\"https:\/\/www.instagram.com\/moraistavaresadv\/\",\"https:\/\/www.linkedin.com\/company\/morais-tavares-advogados-associados\/\",\"https:\/\/twitter.com\/moraisetavares\"],\"logo\":{\"@type\":\"ImageObject\",\"@id\":\"https:\/\/moraistavares.adv.br\/blog\/#logo\",\"inLanguage\":\"pt-BR\",\"url\":\"https:\/\/moraistavares.adv.br\/blog\/wp-content\/uploads\/2020\/09\/cropped-logo-morais-e-tavares.png\",\"width\":282,\"height\":110,\"caption\":\"Morais & Tavares Advogados Associados\"},\"image\":{\"@id\":\"https:\/\/moraistavares.adv.br\/blog\/#logo\"}},{\"@type\":\"WebSite\",\"@id\":\"https:\/\/moraistavares.adv.br\/blog\/#website\",\"url\":\"https:\/\/moraistavares.adv.br\/blog\/\",\"name\":\"Blog Morais & Tavares Advogados\",\"description\":\"Not\\u00edcias e Informa\\u00e7\\u00f5es do escrit\\u00f3rio Morais &amp; Tavares Advogados Associados\",\"publisher\":{\"@id\":\"https:\/\/moraistavares.adv.br\/blog\/#organization\"},\"potentialAction\":[{\"@type\":\"SearchAction\",\"target\":\"https:\/\/moraistavares.adv.br\/blog\/?s={search_term_string}\",\"query-input\":\"required name=search_term_string\"}],\"inLanguage\":\"pt-BR\"},{\"@type\":\"ImageObject\",\"@id\":\"https:\/\/moraistavares.adv.br\/blog\/concubina-nao-pode-dividir-pensao-com-viuva-decide-1a-turma-do-stf\/#primaryimage\",\"inLanguage\":\"pt-BR\",\"url\":\"https:\/\/moraistavares.adv.br\/blog\/wp-content\/uploads\/2021\/05\/direito-familia.jpg\",\"width\":1200,\"height\":439,\"caption\":\"Advogado Direito de Familia\"},{\"@type\":\"WebPage\",\"@id\":\"https:\/\/moraistavares.adv.br\/blog\/concubina-nao-pode-dividir-pensao-com-viuva-decide-1a-turma-do-stf\/#webpage\",\"url\":\"https:\/\/moraistavares.adv.br\/blog\/concubina-nao-pode-dividir-pensao-com-viuva-decide-1a-turma-do-stf\/\",\"name\":\"Concubina n\\u00e3o pode dividir pens\\u00e3o com vi\\u00fava, decide 1\\u00aa Turma do STF - Blog Morais &amp; Tavares Advogados\",\"isPartOf\":{\"@id\":\"https:\/\/moraistavares.adv.br\/blog\/#website\"},\"primaryImageOfPage\":{\"@id\":\"https:\/\/moraistavares.adv.br\/blog\/concubina-nao-pode-dividir-pensao-com-viuva-decide-1a-turma-do-stf\/#primaryimage\"},\"datePublished\":\"2021-05-20T13:28:59+00:00\",\"dateModified\":\"2021-05-20T13:28:59+00:00\",\"description\":\"O STF entendeu que o concubinato como n\\u00e3o \\u00e9 protegido pela Constitui\\u00e7\\u00e3o, a concubina n\\u00e3o tem direito de dividir a pens\\u00e3o com a vi\\u00fava.\",\"inLanguage\":\"pt-BR\",\"potentialAction\":[{\"@type\":\"ReadAction\",\"target\":[\"https:\/\/moraistavares.adv.br\/blog\/concubina-nao-pode-dividir-pensao-com-viuva-decide-1a-turma-do-stf\/\"]}]},{\"@type\":\"Article\",\"@id\":\"https:\/\/moraistavares.adv.br\/blog\/concubina-nao-pode-dividir-pensao-com-viuva-decide-1a-turma-do-stf\/#article\",\"isPartOf\":{\"@id\":\"https:\/\/moraistavares.adv.br\/blog\/concubina-nao-pode-dividir-pensao-com-viuva-decide-1a-turma-do-stf\/#webpage\"},\"author\":{\"@id\":\"https:\/\/moraistavares.adv.br\/blog\/#\/schema\/person\/50985d3ae4b2de3d7bfbb05a215e0ff5\"},\"headline\":\"Concubina n\\u00e3o pode dividir pens\\u00e3o com vi\\u00fava, decide 1\\u00aa Turma do STF\",\"datePublished\":\"2021-05-20T13:28:59+00:00\",\"dateModified\":\"2021-05-20T13:28:59+00:00\",\"mainEntityOfPage\":{\"@id\":\"https:\/\/moraistavares.adv.br\/blog\/concubina-nao-pode-dividir-pensao-com-viuva-decide-1a-turma-do-stf\/#webpage\"},\"commentCount\":0,\"publisher\":{\"@id\":\"https:\/\/moraistavares.adv.br\/blog\/#organization\"},\"image\":{\"@id\":\"https:\/\/moraistavares.adv.br\/blog\/concubina-nao-pode-dividir-pensao-com-viuva-decide-1a-turma-do-stf\/#primaryimage\"},\"keywords\":\"advogadodireitodefamilia,advogadodireitodefamiliabh,advogadodireitodefamiliajoaopessoa,advogadodireitodefamiliajuizdefora,advogadodireitodefamiliarcuritiba,concubina,concubinato,direitodefamilia,moraistavaresadvogados,pensaopormorte,separacao\",\"articleSection\":\"Direito de Fam\\u00edlia\",\"inLanguage\":\"pt-BR\",\"potentialAction\":[{\"@type\":\"CommentAction\",\"name\":\"Comment\",\"target\":[\"https:\/\/moraistavares.adv.br\/blog\/concubina-nao-pode-dividir-pensao-com-viuva-decide-1a-turma-do-stf\/#respond\"]}]},{\"@type\":\"Person\",\"@id\":\"https:\/\/moraistavares.adv.br\/blog\/#\/schema\/person\/50985d3ae4b2de3d7bfbb05a215e0ff5\",\"name\":\"Morais Tavares\",\"image\":{\"@type\":\"ImageObject\",\"@id\":\"https:\/\/moraistavares.adv.br\/blog\/#personlogo\",\"inLanguage\":\"pt-BR\",\"url\":\"https:\/\/secure.gravatar.com\/avatar\/9ce3d5303757237045117d3e94d9f8f1?s=96&d=mm&r=g\",\"caption\":\"Morais Tavares\"}}]}<\/script>\r\n<!-- \/ Yoast SEO Premium plugin. -->","_links":{"self":[{"href":"https:\/\/moraistavares.adv.br\/blog\/wp-json\/wp\/v2\/posts\/501"}],"collection":[{"href":"https:\/\/moraistavares.adv.br\/blog\/wp-json\/wp\/v2\/posts"}],"about":[{"href":"https:\/\/moraistavares.adv.br\/blog\/wp-json\/wp\/v2\/types\/post"}],"author":[{"embeddable":true,"href":"https:\/\/moraistavares.adv.br\/blog\/wp-json\/wp\/v2\/users\/1"}],"replies":[{"embeddable":true,"href":"https:\/\/moraistavares.adv.br\/blog\/wp-json\/wp\/v2\/comments?post=501"}],"version-history":[{"count":1,"href":"https:\/\/moraistavares.adv.br\/blog\/wp-json\/wp\/v2\/posts\/501\/revisions"}],"predecessor-version":[{"id":502,"href":"https:\/\/moraistavares.adv.br\/blog\/wp-json\/wp\/v2\/posts\/501\/revisions\/502"}],"wp:featuredmedia":[{"embeddable":true,"href":"https:\/\/moraistavares.adv.br\/blog\/wp-json\/wp\/v2\/media\/454"}],"wp:attachment":[{"href":"https:\/\/moraistavares.adv.br\/blog\/wp-json\/wp\/v2\/media?parent=501"}],"wp:term":[{"taxonomy":"category","embeddable":true,"href":"https:\/\/moraistavares.adv.br\/blog\/wp-json\/wp\/v2\/categories?post=501"},{"taxonomy":"post_tag","embeddable":true,"href":"https:\/\/moraistavares.adv.br\/blog\/wp-json\/wp\/v2\/tags?post=501"}],"curies":[{"name":"wp","href":"https:\/\/api.w.org\/{rel}","templated":true}]}}