{"id":494,"date":"2021-05-18T10:32:01","date_gmt":"2021-05-18T13:32:01","guid":{"rendered":"https:\/\/moraistavares.adv.br\/blog\/?p=494"},"modified":"2021-05-18T10:32:01","modified_gmt":"2021-05-18T13:32:01","slug":"restituicao-de-tributos-para-as-empresas-que-recolhem-pis-cofins","status":"publish","type":"post","link":"https:\/\/moraistavares.adv.br\/blog\/restituicao-de-tributos-para-as-empresas-que-recolhem-pis-cofins\/","title":{"rendered":"RESTITUI\u00c7\u00c3O DE TRIBUTOS PARA AS EMPRESAS QUE RECOLHEM PIS\/COFINS"},"content":{"rendered":"<div class=\"\" data-block=\"true\" data-editor=\"8gn91\" data-offset-key=\"35fo9-0-0\">\n<h1 class=\"_1mf _1mj\" data-offset-key=\"35fo9-0-0\"><span data-offset-key=\"35fo9-0-0\">RESTITUI\u00c7\u00c3O DE TRIBUTOS PARA AS EMPRESAS QUE RECOLHEM PIS\/COFINS<\/span><\/h1>\n<\/div>\n<div class=\"\" data-block=\"true\" data-editor=\"8gn91\" data-offset-key=\"3tu7i-0-0\">\n<div class=\"_1mf _1mj\" data-offset-key=\"3tu7i-0-0\"><span data-offset-key=\"3tu7i-0-0\">\u00a0<\/span><\/div>\n<\/div>\n<div class=\"\" data-block=\"true\" data-editor=\"8gn91\" data-offset-key=\"52t2q-0-0\">\n<div class=\"_1mf _1mj\" data-offset-key=\"52t2q-0-0\"><span data-offset-key=\"52t2q-0-0\">O Supremo Tribunal Federal finalizou o julgamento do Recurso Extraordin\u00e1rio n. 574.706\/2017, em 13\/05\/2021, a favor dos contribuintes que recolhem PIS\/COFINS, permitindo a recupera\u00e7\u00e3o de cr\u00e9ditos at\u00e9 15.03.2017.<\/span><\/div>\n<\/div>\n<div class=\"\" data-block=\"true\" data-editor=\"8gn91\" data-offset-key=\"cfrlr-0-0\">\n<div class=\"_1mf _1mj\" data-offset-key=\"cfrlr-0-0\"><span data-offset-key=\"cfrlr-0-0\">\u00a0<\/span><\/div>\n<\/div>\n<div class=\"\" data-block=\"true\" data-editor=\"8gn91\" data-offset-key=\"thf7-0-0\">\n<div class=\"_1mf _1mj\" data-offset-key=\"thf7-0-0\"><span data-offset-key=\"thf7-0-0\">Com a modula\u00e7\u00e3o dos efeitos da decis\u00e3o, o valor a ser recuperado com a exclus\u00e3o do ICMS da base de c\u00e1lculo do PIS\/COFINS ser\u00e1 relevante para as empresas, assim, o ICMS exclu\u00eddo ser\u00e1 o destacado na nota fiscal.<\/span><\/div>\n<\/div>\n<div class=\"\" data-block=\"true\" data-editor=\"8gn91\" data-offset-key=\"a0tps-0-0\">\n<div class=\"_1mf _1mj\" data-offset-key=\"a0tps-0-0\"><span data-offset-key=\"a0tps-0-0\">\u00a0<\/span><\/div>\n<\/div>\n<div class=\"\" data-block=\"true\" data-editor=\"8gn91\" data-offset-key=\"44jn5-0-0\">\n<div class=\"_1mf _1mj\" data-offset-key=\"44jn5-0-0\"><span data-offset-key=\"44jn5-0-0\">Para as empresas que ajuizaram as a\u00e7\u00f5es em per\u00edodo anterior a 15.03.2017, o direito \u00e0 recupera\u00e7\u00e3o de cr\u00e9ditos abranger\u00e1 aos 5 anos anteriores.<\/span><\/div>\n<\/div>\n<div class=\"\" data-block=\"true\" data-editor=\"8gn91\" data-offset-key=\"79etq-0-0\">\n<div class=\"_1mf _1mj\" data-offset-key=\"79etq-0-0\"><span data-offset-key=\"79etq-0-0\">\u00a0<\/span><\/div>\n<\/div>\n<div class=\"\" data-block=\"true\" data-editor=\"8gn91\" data-offset-key=\"a8p8-0-0\">\n<div class=\"_1mf _1mj\" data-offset-key=\"a8p8-0-0\"><span class=\"_5zk7\" spellcheck=\"false\" data-offset-key=\"a8p8-0-0\"><span data-offset-key=\"a8p8-0-0\">#restitui\u00e7\u00e3opiscofins<\/span><\/span> <span class=\"_5zk7\" spellcheck=\"false\" data-offset-key=\"a8p8-2-0\"><span data-offset-key=\"a8p8-2-0\">#pis<\/span><\/span> <span class=\"_5zk7\" spellcheck=\"false\" data-offset-key=\"a8p8-4-0\"><span data-offset-key=\"a8p8-4-0\">#cofins<\/span><\/span> <span class=\"_5zk7\" spellcheck=\"false\" data-offset-key=\"a8p8-6-0\"><span data-offset-key=\"a8p8-6-0\">#recuperacaocreditotributario<\/span><\/span> <span class=\"_5zk7\" spellcheck=\"false\" data-offset-key=\"a8p8-8-0\"><span data-offset-key=\"a8p8-8-0\">#direitotributario<\/span><\/span> <span class=\"_5zk7\" spellcheck=\"false\" data-offset-key=\"a8p8-10-0\"><span data-offset-key=\"a8p8-10-0\">#advogadodireitotributario<\/span><\/span> <span class=\"_5zk7\" spellcheck=\"false\" data-offset-key=\"a8p8-12-0\"><span data-offset-key=\"a8p8-12-0\">#moraistavaresadvogados<\/span><\/span><\/div>\n<\/div>\n<div class=\"\" data-block=\"true\" data-editor=\"8gn91\" data-offset-key=\"bqsjj-0-0\"><\/div>\n","protected":false},"excerpt":{"rendered":"<p>RESTITUI\u00c7\u00c3O DE TRIBUTOS PARA AS EMPRESAS QUE RECOLHEM PIS\/COFINS \u00a0 O Supremo Tribunal Federal finalizou [&hellip;]<\/p>\n","protected":false},"author":1,"featured_media":495,"comment_status":"open","ping_status":"open","sticky":false,"template":"","format":"standard","meta":[],"categories":[61],"tags":[241,345,216,101,344,346,343],"yoast_head":"<!-- This site is optimized with the Yoast SEO Premium plugin v15.6.2 - https:\/\/yoast.com\/wordpress\/plugins\/seo\/ -->\r\n<title>RESTITUI\u00c7\u00c3O DE TRIBUTOS PARA AS EMPRESAS QUE RECOLHEM PIS\/COFINS - Blog Morais &amp; Tavares Advogados<\/title>\r\n<meta name=\"description\" content=\"O STF finalizou o julgamento do RE 574.706\/2017, a favor dos contribuintes que recolhem PIS\/COFINS, permitindo a recupera\u00e7\u00e3o de cr\u00e9ditos at\u00e9 15.03.2017.\" \/>\r\n<meta name=\"robots\" content=\"index, follow, max-snippet:-1, max-image-preview:large, max-video-preview:-1\" \/>\r\n<link rel=\"canonical\" href=\"https:\/\/moraistavares.adv.br\/blog\/restituicao-de-tributos-para-as-empresas-que-recolhem-pis-cofins\/\" \/>\r\n<meta property=\"og:locale\" content=\"pt_BR\" \/>\r\n<meta property=\"og:type\" content=\"article\" \/>\r\n<meta property=\"og:title\" content=\"RESTITUI\u00c7\u00c3O DE TRIBUTOS PARA AS EMPRESAS QUE RECOLHEM PIS\/COFINS - Blog Morais &amp; Tavares Advogados\" \/>\r\n<meta property=\"og:description\" content=\"O STF finalizou o julgamento do RE 574.706\/2017, a favor dos contribuintes que recolhem PIS\/COFINS, permitindo a recupera\u00e7\u00e3o de cr\u00e9ditos at\u00e9 15.03.2017.\" \/>\r\n<meta property=\"og:url\" content=\"https:\/\/moraistavares.adv.br\/blog\/restituicao-de-tributos-para-as-empresas-que-recolhem-pis-cofins\/\" \/>\r\n<meta property=\"og:site_name\" content=\"Blog Morais &amp; Tavares Advogados\" \/>\r\n<meta property=\"article:publisher\" content=\"https:\/\/www.facebook.com\/moraistavaresadvogados\/\" \/>\r\n<meta property=\"article:published_time\" content=\"2021-05-18T13:32:01+00:00\" \/>\r\n<meta property=\"og:image\" content=\"https:\/\/moraistavares.adv.br\/blog\/wp-content\/uploads\/2021\/05\/duvida-irmaos-5.jpg\" \/>\r\n\t<meta property=\"og:image:width\" content=\"1200\" \/>\r\n\t<meta property=\"og:image:height\" content=\"439\" \/>\r\n<meta name=\"twitter:card\" content=\"summary_large_image\" \/>\r\n<meta name=\"twitter:creator\" content=\"@moraisetavares\" \/>\r\n<meta name=\"twitter:site\" content=\"@moraisetavares\" \/>\r\n<meta name=\"twitter:label1\" content=\"Est. reading time\">\n\t<meta name=\"twitter:data1\" content=\"1 minuto\">\r\n<script type=\"application\/ld+json\" class=\"yoast-schema-graph\">{\"@context\":\"https:\/\/schema.org\",\"@graph\":[{\"@type\":\"Organization\",\"@id\":\"https:\/\/moraistavares.adv.br\/blog\/#organization\",\"name\":\"Morais & Tavares Advogados Associados\",\"url\":\"https:\/\/moraistavares.adv.br\/blog\/\",\"sameAs\":[\"https:\/\/www.facebook.com\/moraistavaresadvogados\/\",\"https:\/\/www.instagram.com\/moraistavaresadv\/\",\"https:\/\/www.linkedin.com\/company\/morais-tavares-advogados-associados\/\",\"https:\/\/twitter.com\/moraisetavares\"],\"logo\":{\"@type\":\"ImageObject\",\"@id\":\"https:\/\/moraistavares.adv.br\/blog\/#logo\",\"inLanguage\":\"pt-BR\",\"url\":\"https:\/\/moraistavares.adv.br\/blog\/wp-content\/uploads\/2020\/09\/cropped-logo-morais-e-tavares.png\",\"width\":282,\"height\":110,\"caption\":\"Morais & Tavares Advogados Associados\"},\"image\":{\"@id\":\"https:\/\/moraistavares.adv.br\/blog\/#logo\"}},{\"@type\":\"WebSite\",\"@id\":\"https:\/\/moraistavares.adv.br\/blog\/#website\",\"url\":\"https:\/\/moraistavares.adv.br\/blog\/\",\"name\":\"Blog Morais & Tavares Advogados\",\"description\":\"Not\\u00edcias e Informa\\u00e7\\u00f5es do escrit\\u00f3rio Morais &amp; Tavares Advogados Associados\",\"publisher\":{\"@id\":\"https:\/\/moraistavares.adv.br\/blog\/#organization\"},\"potentialAction\":[{\"@type\":\"SearchAction\",\"target\":\"https:\/\/moraistavares.adv.br\/blog\/?s={search_term_string}\",\"query-input\":\"required name=search_term_string\"}],\"inLanguage\":\"pt-BR\"},{\"@type\":\"ImageObject\",\"@id\":\"https:\/\/moraistavares.adv.br\/blog\/restituicao-de-tributos-para-as-empresas-que-recolhem-pis-cofins\/#primaryimage\",\"inLanguage\":\"pt-BR\",\"url\":\"https:\/\/moraistavares.adv.br\/blog\/wp-content\/uploads\/2021\/05\/duvida-irmaos-5.jpg\",\"width\":1200,\"height\":439,\"caption\":\"Advogado Direito Tribut\\u00e1rio\"},{\"@type\":\"WebPage\",\"@id\":\"https:\/\/moraistavares.adv.br\/blog\/restituicao-de-tributos-para-as-empresas-que-recolhem-pis-cofins\/#webpage\",\"url\":\"https:\/\/moraistavares.adv.br\/blog\/restituicao-de-tributos-para-as-empresas-que-recolhem-pis-cofins\/\",\"name\":\"RESTITUI\\u00c7\\u00c3O DE TRIBUTOS PARA AS EMPRESAS QUE RECOLHEM PIS\/COFINS - Blog Morais &amp; Tavares Advogados\",\"isPartOf\":{\"@id\":\"https:\/\/moraistavares.adv.br\/blog\/#website\"},\"primaryImageOfPage\":{\"@id\":\"https:\/\/moraistavares.adv.br\/blog\/restituicao-de-tributos-para-as-empresas-que-recolhem-pis-cofins\/#primaryimage\"},\"datePublished\":\"2021-05-18T13:32:01+00:00\",\"dateModified\":\"2021-05-18T13:32:01+00:00\",\"description\":\"O STF finalizou o julgamento do RE 574.706\/2017, a favor dos contribuintes que recolhem PIS\/COFINS, permitindo a recupera\\u00e7\\u00e3o de cr\\u00e9ditos at\\u00e9 15.03.2017.\",\"inLanguage\":\"pt-BR\",\"potentialAction\":[{\"@type\":\"ReadAction\",\"target\":[\"https:\/\/moraistavares.adv.br\/blog\/restituicao-de-tributos-para-as-empresas-que-recolhem-pis-cofins\/\"]}]},{\"@type\":\"Article\",\"@id\":\"https:\/\/moraistavares.adv.br\/blog\/restituicao-de-tributos-para-as-empresas-que-recolhem-pis-cofins\/#article\",\"isPartOf\":{\"@id\":\"https:\/\/moraistavares.adv.br\/blog\/restituicao-de-tributos-para-as-empresas-que-recolhem-pis-cofins\/#webpage\"},\"author\":{\"@id\":\"https:\/\/moraistavares.adv.br\/blog\/#\/schema\/person\/50985d3ae4b2de3d7bfbb05a215e0ff5\"},\"headline\":\"RESTITUI\\u00c7\\u00c3O DE TRIBUTOS PARA AS EMPRESAS QUE RECOLHEM PIS\/COFINS\",\"datePublished\":\"2021-05-18T13:32:01+00:00\",\"dateModified\":\"2021-05-18T13:32:01+00:00\",\"mainEntityOfPage\":{\"@id\":\"https:\/\/moraistavares.adv.br\/blog\/restituicao-de-tributos-para-as-empresas-que-recolhem-pis-cofins\/#webpage\"},\"commentCount\":0,\"publisher\":{\"@id\":\"https:\/\/moraistavares.adv.br\/blog\/#organization\"},\"image\":{\"@id\":\"https:\/\/moraistavares.adv.br\/blog\/restituicao-de-tributos-para-as-empresas-que-recolhem-pis-cofins\/#primaryimage\"},\"keywords\":\"advogadodireitotributario,cofins,direitotributario,moraistavaresadvogados,pis,recuperacaocreditotributario,restitui\\u00e7\\u00e3opiscofins\",\"articleSection\":\"Direito Tribut\\u00e1rio\",\"inLanguage\":\"pt-BR\",\"potentialAction\":[{\"@type\":\"CommentAction\",\"name\":\"Comment\",\"target\":[\"https:\/\/moraistavares.adv.br\/blog\/restituicao-de-tributos-para-as-empresas-que-recolhem-pis-cofins\/#respond\"]}]},{\"@type\":\"Person\",\"@id\":\"https:\/\/moraistavares.adv.br\/blog\/#\/schema\/person\/50985d3ae4b2de3d7bfbb05a215e0ff5\",\"name\":\"Morais Tavares\",\"image\":{\"@type\":\"ImageObject\",\"@id\":\"https:\/\/moraistavares.adv.br\/blog\/#personlogo\",\"inLanguage\":\"pt-BR\",\"url\":\"https:\/\/secure.gravatar.com\/avatar\/9ce3d5303757237045117d3e94d9f8f1?s=96&d=mm&r=g\",\"caption\":\"Morais Tavares\"}}]}<\/script>\r\n<!-- \/ Yoast SEO Premium plugin. -->","_links":{"self":[{"href":"https:\/\/moraistavares.adv.br\/blog\/wp-json\/wp\/v2\/posts\/494"}],"collection":[{"href":"https:\/\/moraistavares.adv.br\/blog\/wp-json\/wp\/v2\/posts"}],"about":[{"href":"https:\/\/moraistavares.adv.br\/blog\/wp-json\/wp\/v2\/types\/post"}],"author":[{"embeddable":true,"href":"https:\/\/moraistavares.adv.br\/blog\/wp-json\/wp\/v2\/users\/1"}],"replies":[{"embeddable":true,"href":"https:\/\/moraistavares.adv.br\/blog\/wp-json\/wp\/v2\/comments?post=494"}],"version-history":[{"count":1,"href":"https:\/\/moraistavares.adv.br\/blog\/wp-json\/wp\/v2\/posts\/494\/revisions"}],"predecessor-version":[{"id":496,"href":"https:\/\/moraistavares.adv.br\/blog\/wp-json\/wp\/v2\/posts\/494\/revisions\/496"}],"wp:featuredmedia":[{"embeddable":true,"href":"https:\/\/moraistavares.adv.br\/blog\/wp-json\/wp\/v2\/media\/495"}],"wp:attachment":[{"href":"https:\/\/moraistavares.adv.br\/blog\/wp-json\/wp\/v2\/media?parent=494"}],"wp:term":[{"taxonomy":"category","embeddable":true,"href":"https:\/\/moraistavares.adv.br\/blog\/wp-json\/wp\/v2\/categories?post=494"},{"taxonomy":"post_tag","embeddable":true,"href":"https:\/\/moraistavares.adv.br\/blog\/wp-json\/wp\/v2\/tags?post=494"}],"curies":[{"name":"wp","href":"https:\/\/api.w.org\/{rel}","templated":true}]}}