{"id":485,"date":"2021-05-16T18:14:24","date_gmt":"2021-05-16T21:14:24","guid":{"rendered":"https:\/\/moraistavares.adv.br\/blog\/?p=485"},"modified":"2021-05-16T18:14:24","modified_gmt":"2021-05-16T21:14:24","slug":"juiza-determina-que-instagram-reative-conta-de-influencer","status":"publish","type":"post","link":"https:\/\/moraistavares.adv.br\/blog\/juiza-determina-que-instagram-reative-conta-de-influencer\/","title":{"rendered":"Ju\u00edza determina que Instagram reative conta de influencer"},"content":{"rendered":"<h1>Ju\u00edza determina que Instagram reative conta de influencer<\/h1>\n<p>&nbsp;<\/p>\n<p>Uma rede social n\u00e3o pode banir um usu\u00e1rio sem a comprova\u00e7\u00e3o de que ele violou os termos de uso do aplicativo. A partir desse entendimento, a 19\u00aa Vara C\u00edvel de S\u00e3o Paulo determinou que o Facebook reative a conta do Instagram de uma digital influencer que teve o perfil desativado sem justificativa e comunica\u00e7\u00e3o pr\u00e9via.<\/p>\n<p>&nbsp;<\/p>\n<p>Segundo o processo, a autora utiliza a rede para fins profissionais na \u00e1rea de vestu\u00e1rio e acess\u00f3rios e que o perfil \u00e9 uma ferramenta essencial ao marketing dos produtos. A influencer alegou que sua conta foi exclu\u00edda pelo Instagram sem quaisquer explica\u00e7\u00f5es e que o perfil cumpria os &#8220;Termos de Uso &#8220;do aplicativo. A autora ainda afirma que procurou a plataforma para tentar restabelecer a conta, mas n\u00e3o obteve sucesso, e entrou com a\u00e7\u00e3o.<\/p>\n<p>&nbsp;<\/p>\n<p>Ao analisar os autos, a ju\u00edza Camila Rodrigues Borges de Azevedo observou que &#8220;o dano irrepar\u00e1vel ou de dif\u00edcil repara\u00e7\u00e3o, por sua vez, encontra-se consubstanciado no uso profissional da conta, relatando a autora que depende da divulga\u00e7\u00e3o que faz naquela rede social para continuidade dos seus neg\u00f3cios&#8221;. &#8220;A medida pretendida, no mais, n\u00e3o \u00e9 irrevers\u00edvel, pois poder\u00e1 a requerida demonstrar objetivamente se havida qualquer infra\u00e7\u00e3o aos seus termos de uso e, nesse caso, ser\u00e1 revogada a tutela que ora se concede&#8221;, afirmou.<\/p>\n<p>&nbsp;<\/p>\n<p>Assim, a magistrada determinou a imediata reativa\u00e7\u00e3o da conta para que a autora possa exercer a sua atividade comercial.<\/p>\n","protected":false},"excerpt":{"rendered":"<p>Ju\u00edza determina que Instagram reative conta de influencer &nbsp; Uma rede social n\u00e3o pode banir [&hellip;]<\/p>\n","protected":false},"author":1,"featured_media":0,"comment_status":"open","ping_status":"open","sticky":false,"template":"","format":"standard","meta":[],"categories":[42],"tags":[337,336,101,335],"yoast_head":"<!-- This site is optimized with the Yoast SEO Premium plugin v15.6.2 - https:\/\/yoast.com\/wordpress\/plugins\/seo\/ -->\r\n<title>Ju\u00edza determina que Instagram reative conta de influencer - Blog Morais &amp; Tavares Advogados<\/title>\r\n<meta name=\"description\" content=\"Uma rede social n\u00e3o pode banir um usu\u00e1rio sem a comprova\u00e7\u00e3o de que ele violou os termos de uso do aplicativo.\" \/>\r\n<meta name=\"robots\" content=\"index, follow, max-snippet:-1, max-image-preview:large, max-video-preview:-1\" \/>\r\n<link rel=\"canonical\" href=\"https:\/\/moraistavares.adv.br\/blog\/juiza-determina-que-instagram-reative-conta-de-influencer\/\" \/>\r\n<meta property=\"og:locale\" content=\"pt_BR\" \/>\r\n<meta property=\"og:type\" content=\"article\" \/>\r\n<meta property=\"og:title\" content=\"Ju\u00edza determina que Instagram reative conta de influencer - Blog Morais &amp; Tavares Advogados\" \/>\r\n<meta property=\"og:description\" content=\"Uma rede social n\u00e3o pode banir um usu\u00e1rio sem a comprova\u00e7\u00e3o de que ele violou os termos de uso do aplicativo.\" \/>\r\n<meta property=\"og:url\" content=\"https:\/\/moraistavares.adv.br\/blog\/juiza-determina-que-instagram-reative-conta-de-influencer\/\" \/>\r\n<meta property=\"og:site_name\" content=\"Blog Morais &amp; Tavares Advogados\" \/>\r\n<meta property=\"article:publisher\" content=\"https:\/\/www.facebook.com\/moraistavaresadvogados\/\" \/>\r\n<meta property=\"article:published_time\" content=\"2021-05-16T21:14:24+00:00\" \/>\r\n<meta name=\"twitter:card\" content=\"summary_large_image\" \/>\r\n<meta name=\"twitter:creator\" content=\"@moraisetavares\" \/>\r\n<meta name=\"twitter:site\" content=\"@moraisetavares\" \/>\r\n<meta name=\"twitter:label1\" content=\"Est. reading time\">\n\t<meta name=\"twitter:data1\" content=\"2 minutos\">\r\n<script type=\"application\/ld+json\" class=\"yoast-schema-graph\">{\"@context\":\"https:\/\/schema.org\",\"@graph\":[{\"@type\":\"Organization\",\"@id\":\"https:\/\/moraistavares.adv.br\/blog\/#organization\",\"name\":\"Morais & Tavares Advogados Associados\",\"url\":\"https:\/\/moraistavares.adv.br\/blog\/\",\"sameAs\":[\"https:\/\/www.facebook.com\/moraistavaresadvogados\/\",\"https:\/\/www.instagram.com\/moraistavaresadv\/\",\"https:\/\/www.linkedin.com\/company\/morais-tavares-advogados-associados\/\",\"https:\/\/twitter.com\/moraisetavares\"],\"logo\":{\"@type\":\"ImageObject\",\"@id\":\"https:\/\/moraistavares.adv.br\/blog\/#logo\",\"inLanguage\":\"pt-BR\",\"url\":\"https:\/\/moraistavares.adv.br\/blog\/wp-content\/uploads\/2020\/09\/cropped-logo-morais-e-tavares.png\",\"width\":282,\"height\":110,\"caption\":\"Morais & Tavares Advogados Associados\"},\"image\":{\"@id\":\"https:\/\/moraistavares.adv.br\/blog\/#logo\"}},{\"@type\":\"WebSite\",\"@id\":\"https:\/\/moraistavares.adv.br\/blog\/#website\",\"url\":\"https:\/\/moraistavares.adv.br\/blog\/\",\"name\":\"Blog Morais & Tavares Advogados\",\"description\":\"Not\\u00edcias e Informa\\u00e7\\u00f5es do escrit\\u00f3rio Morais &amp; Tavares Advogados Associados\",\"publisher\":{\"@id\":\"https:\/\/moraistavares.adv.br\/blog\/#organization\"},\"potentialAction\":[{\"@type\":\"SearchAction\",\"target\":\"https:\/\/moraistavares.adv.br\/blog\/?s={search_term_string}\",\"query-input\":\"required name=search_term_string\"}],\"inLanguage\":\"pt-BR\"},{\"@type\":\"WebPage\",\"@id\":\"https:\/\/moraistavares.adv.br\/blog\/juiza-determina-que-instagram-reative-conta-de-influencer\/#webpage\",\"url\":\"https:\/\/moraistavares.adv.br\/blog\/juiza-determina-que-instagram-reative-conta-de-influencer\/\",\"name\":\"Ju\\u00edza determina que Instagram reative conta de influencer - Blog Morais &amp; Tavares Advogados\",\"isPartOf\":{\"@id\":\"https:\/\/moraistavares.adv.br\/blog\/#website\"},\"datePublished\":\"2021-05-16T21:14:24+00:00\",\"dateModified\":\"2021-05-16T21:14:24+00:00\",\"description\":\"Uma rede social n\\u00e3o pode banir um usu\\u00e1rio sem a comprova\\u00e7\\u00e3o de que ele violou os termos de uso do aplicativo.\",\"inLanguage\":\"pt-BR\",\"potentialAction\":[{\"@type\":\"ReadAction\",\"target\":[\"https:\/\/moraistavares.adv.br\/blog\/juiza-determina-que-instagram-reative-conta-de-influencer\/\"]}]},{\"@type\":\"Article\",\"@id\":\"https:\/\/moraistavares.adv.br\/blog\/juiza-determina-que-instagram-reative-conta-de-influencer\/#article\",\"isPartOf\":{\"@id\":\"https:\/\/moraistavares.adv.br\/blog\/juiza-determina-que-instagram-reative-conta-de-influencer\/#webpage\"},\"author\":{\"@id\":\"https:\/\/moraistavares.adv.br\/blog\/#\/schema\/person\/50985d3ae4b2de3d7bfbb05a215e0ff5\"},\"headline\":\"Ju\\u00edza determina que Instagram reative conta de influencer\",\"datePublished\":\"2021-05-16T21:14:24+00:00\",\"dateModified\":\"2021-05-16T21:14:24+00:00\",\"mainEntityOfPage\":{\"@id\":\"https:\/\/moraistavares.adv.br\/blog\/juiza-determina-que-instagram-reative-conta-de-influencer\/#webpage\"},\"commentCount\":0,\"publisher\":{\"@id\":\"https:\/\/moraistavares.adv.br\/blog\/#organization\"},\"keywords\":\"digitalinfluencer,instagram,moraistavaresadvogados,redesocial\",\"articleSection\":\"Direito Civil\",\"inLanguage\":\"pt-BR\",\"potentialAction\":[{\"@type\":\"CommentAction\",\"name\":\"Comment\",\"target\":[\"https:\/\/moraistavares.adv.br\/blog\/juiza-determina-que-instagram-reative-conta-de-influencer\/#respond\"]}]},{\"@type\":\"Person\",\"@id\":\"https:\/\/moraistavares.adv.br\/blog\/#\/schema\/person\/50985d3ae4b2de3d7bfbb05a215e0ff5\",\"name\":\"Morais Tavares\",\"image\":{\"@type\":\"ImageObject\",\"@id\":\"https:\/\/moraistavares.adv.br\/blog\/#personlogo\",\"inLanguage\":\"pt-BR\",\"url\":\"https:\/\/secure.gravatar.com\/avatar\/9ce3d5303757237045117d3e94d9f8f1?s=96&d=mm&r=g\",\"caption\":\"Morais Tavares\"}}]}<\/script>\r\n<!-- \/ Yoast SEO Premium plugin. -->","_links":{"self":[{"href":"https:\/\/moraistavares.adv.br\/blog\/wp-json\/wp\/v2\/posts\/485"}],"collection":[{"href":"https:\/\/moraistavares.adv.br\/blog\/wp-json\/wp\/v2\/posts"}],"about":[{"href":"https:\/\/moraistavares.adv.br\/blog\/wp-json\/wp\/v2\/types\/post"}],"author":[{"embeddable":true,"href":"https:\/\/moraistavares.adv.br\/blog\/wp-json\/wp\/v2\/users\/1"}],"replies":[{"embeddable":true,"href":"https:\/\/moraistavares.adv.br\/blog\/wp-json\/wp\/v2\/comments?post=485"}],"version-history":[{"count":1,"href":"https:\/\/moraistavares.adv.br\/blog\/wp-json\/wp\/v2\/posts\/485\/revisions"}],"predecessor-version":[{"id":487,"href":"https:\/\/moraistavares.adv.br\/blog\/wp-json\/wp\/v2\/posts\/485\/revisions\/487"}],"wp:attachment":[{"href":"https:\/\/moraistavares.adv.br\/blog\/wp-json\/wp\/v2\/media?parent=485"}],"wp:term":[{"taxonomy":"category","embeddable":true,"href":"https:\/\/moraistavares.adv.br\/blog\/wp-json\/wp\/v2\/categories?post=485"},{"taxonomy":"post_tag","embeddable":true,"href":"https:\/\/moraistavares.adv.br\/blog\/wp-json\/wp\/v2\/tags?post=485"}],"curies":[{"name":"wp","href":"https:\/\/api.w.org\/{rel}","templated":true}]}}