{"id":475,"date":"2021-05-13T10:06:42","date_gmt":"2021-05-13T13:06:42","guid":{"rendered":"https:\/\/moraistavares.adv.br\/blog\/?p=475"},"modified":"2021-05-13T10:07:15","modified_gmt":"2021-05-13T13:07:15","slug":"sancionada-lei-que-preve-afastamento-de-gravidas-durante-pandemia","status":"publish","type":"post","link":"https:\/\/moraistavares.adv.br\/blog\/sancionada-lei-que-preve-afastamento-de-gravidas-durante-pandemia\/","title":{"rendered":"Sancionada lei que prev\u00ea afastamento de gr\u00e1vidas durante pandemia"},"content":{"rendered":"<div class=\"\" data-block=\"true\" data-editor=\"68cn5\" data-offset-key=\"bdmlg-0-0\">\n<h1 class=\"_1mf _1mj\" data-offset-key=\"bdmlg-0-0\"><span data-offset-key=\"bdmlg-0-0\">Sancionada lei que prev\u00ea afastamento de gr\u00e1vidas durante pandemia<\/span><\/h1>\n<\/div>\n<div class=\"\" data-block=\"true\" data-editor=\"68cn5\" data-offset-key=\"6pbn0-0-0\">\n<div class=\"_1mf _1mj\" data-offset-key=\"6pbn0-0-0\"><span data-offset-key=\"6pbn0-0-0\">\u00a0<\/span><\/div>\n<\/div>\n<div class=\"\" data-block=\"true\" data-editor=\"68cn5\" data-offset-key=\"aos1-0-0\">\n<div class=\"_1mf _1mj\" data-offset-key=\"aos1-0-0\"><span data-offset-key=\"aos1-0-0\">\u00a0<\/span><\/div>\n<\/div>\n<div class=\"\" data-block=\"true\" data-editor=\"68cn5\" data-offset-key=\"8f4lj-0-0\">\n<div class=\"_1mf _1mj\" data-offset-key=\"8f4lj-0-0\"><span data-offset-key=\"8f4lj-0-0\">Sancionada no dia 12\/05\/2021 lei que que garante \u00e0 empregada gestante o afastamento do trabalho presencial durante o per\u00edodo da pandemia de covid-19, sem preju\u00edzo do recebimento do sal\u00e1rio.<\/span><\/div>\n<\/div>\n<div class=\"\" data-block=\"true\" data-editor=\"68cn5\" data-offset-key=\"8o9oo-0-0\">\n<div class=\"_1mf _1mj\" data-offset-key=\"8o9oo-0-0\"><span data-offset-key=\"8o9oo-0-0\">\u00a0<\/span><\/div>\n<\/div>\n<div class=\"\" data-block=\"true\" data-editor=\"68cn5\" data-offset-key=\"2vt54-0-0\">\n<div class=\"_1mf _1mj\" data-offset-key=\"2vt54-0-0\"><span data-offset-key=\"2vt54-0-0\">Conforme o texto, a funcion\u00e1ria gestante dever\u00e1 permanecer \u00e0 disposi\u00e7\u00e3o do empregador em trabalho remoto at\u00e9 o fim do estado de emerg\u00eancia em sa\u00fade p\u00fablica.<\/span><\/div>\n<\/div>\n<div class=\"\" data-block=\"true\" data-editor=\"68cn5\" data-offset-key=\"7e0op-0-0\">\n<div class=\"_1mf _1mj\" data-offset-key=\"7e0op-0-0\"><span data-offset-key=\"7e0op-0-0\">\u00a0<\/span><\/div>\n<\/div>\n<div class=\"\" data-block=\"true\" data-editor=\"68cn5\" data-offset-key=\"ahb56-0-0\">\n<div class=\"_1mf _1mj\" data-offset-key=\"ahb56-0-0\"><span data-offset-key=\"ahb56-0-0\">Publica\u00e7\u00e3o de acordo com o Provimento 94\/2000 CFOAB.<\/span><\/div>\n<\/div>\n<div class=\"\" data-block=\"true\" data-editor=\"68cn5\" data-offset-key=\"6dfvu-0-0\">\n<div class=\"_1mf _1mj\" data-offset-key=\"6dfvu-0-0\"><span data-offset-key=\"6dfvu-0-0\">\u00a0<\/span><\/div>\n<\/div>\n<div class=\"\" data-block=\"true\" data-editor=\"68cn5\" data-offset-key=\"dlvo9-0-0\">\n<div class=\"_1mf _1mj\" data-offset-key=\"dlvo9-0-0\"><span data-offset-key=\"dlvo9-0-0\">Morais &amp; Tavares Advogados Associados: Juiz de Fora &#8211; Belo Horizonte &#8211; Jo\u00e3o Pessoa &#8211; Curitiba &#8211; Manhua\u00e7u &#8211; Santos Dumont &#8211; Ub\u00e1<\/span><\/div>\n<\/div>\n<div class=\"\" data-block=\"true\" data-editor=\"68cn5\" data-offset-key=\"6ckj1-0-0\">\n<div class=\"_1mf _1mj\" data-offset-key=\"6ckj1-0-0\"><span data-offset-key=\"6ckj1-0-0\">\u00a0<\/span><\/div>\n<\/div>\n<div class=\"\" data-block=\"true\" data-editor=\"68cn5\" data-offset-key=\"75a4c-0-0\">\n<div class=\"_1mf _1mj\" data-offset-key=\"75a4c-0-0\"><\/div>\n<\/div>\n<div class=\"\" data-block=\"true\" data-editor=\"68cn5\" data-offset-key=\"bqlvb-0-0\">\n<div class=\"_1mf _1mj\" data-offset-key=\"bqlvb-0-0\"><span data-offset-key=\"bqlvb-0-0\">\u00a0<\/span><\/div>\n<\/div>\n<div class=\"\" data-block=\"true\" data-editor=\"68cn5\" data-offset-key=\"dbv7s-0-0\">\n<div class=\"_1mf _1mj\" data-offset-key=\"dbv7s-0-0\"><span data-offset-key=\"dbv7s-0-0\">\u00a0<\/span><\/div>\n<\/div>\n<div class=\"\" data-block=\"true\" data-editor=\"68cn5\" data-offset-key=\"ak1lj-0-0\">\n<div class=\"_1mf _1mj\" data-offset-key=\"ak1lj-0-0\"><span class=\"_5zk7\" spellcheck=\"false\" data-offset-key=\"ak1lj-0-0\"><span data-offset-key=\"ak1lj-0-0\">#covid<\/span><\/span> <span class=\"_5zk7\" spellcheck=\"false\" data-offset-key=\"ak1lj-2-0\"><span data-offset-key=\"ak1lj-2-0\">#covid_19<\/span><\/span> <span class=\"_5zk7\" spellcheck=\"false\" data-offset-key=\"ak1lj-4-0\"><span data-offset-key=\"ak1lj-4-0\">#pandemia<\/span><\/span> <span class=\"_5zk7\" spellcheck=\"false\" data-offset-key=\"ak1lj-6-0\"><span data-offset-key=\"ak1lj-6-0\">#trabalhoremoto<\/span><\/span> <span class=\"_5zk7\" spellcheck=\"false\" data-offset-key=\"ak1lj-8-0\"><span data-offset-key=\"ak1lj-8-0\">#teletrabalho<\/span><\/span> <span class=\"_5zk7\" spellcheck=\"false\" data-offset-key=\"ak1lj-10-0\"><span data-offset-key=\"ak1lj-10-0\">#gravida<\/span><\/span> <span class=\"_5zk7\" spellcheck=\"false\" data-offset-key=\"ak1lj-12-0\"><span data-offset-key=\"ak1lj-12-0\">#lei14151<\/span><\/span> <span class=\"_5zk7\" spellcheck=\"false\" data-offset-key=\"ak1lj-14-0\"><span data-offset-key=\"ak1lj-14-0\">#advogadodireitodotrabalho<\/span><\/span> <span class=\"_5zk7\" spellcheck=\"false\" data-offset-key=\"ak1lj-16-0\"><span data-offset-key=\"ak1lj-16-0\">#direitodotrabalho<\/span><\/span> <span class=\"_5zk7\" spellcheck=\"false\" data-offset-key=\"ak1lj-18-0\"><span data-offset-key=\"ak1lj-18-0\">#moraistavaresadvogados<\/span><\/span><\/div>\n<\/div>\n<div class=\"\" data-block=\"true\" data-editor=\"68cn5\" data-offset-key=\"fb9jd-0-0\">\n<div class=\"_1mf _1mj\" data-offset-key=\"fb9jd-0-0\"><span data-offset-key=\"fb9jd-0-0\">\u00a0<\/span><\/div>\n<\/div>\n<div class=\"\" data-block=\"true\" data-editor=\"68cn5\" data-offset-key=\"d9p18-0-0\"><\/div>\n","protected":false},"excerpt":{"rendered":"<p>Sancionada lei que prev\u00ea afastamento de gr\u00e1vidas durante pandemia \u00a0 \u00a0 Sancionada no dia 12\/05\/2021 [&hellip;]<\/p>\n","protected":false},"author":1,"featured_media":428,"comment_status":"open","ping_status":"open","sticky":false,"template":"","format":"standard","meta":[],"categories":[50,51],"tags":[310,284,327,87,329,330,101,65,256,328],"yoast_head":"<!-- This site is optimized with the Yoast SEO Premium plugin v15.6.2 - https:\/\/yoast.com\/wordpress\/plugins\/seo\/ -->\r\n<title>Sancionada lei que prev\u00ea afastamento de gr\u00e1vidas durante pandemia - Blog Morais &amp; Tavares Advogados<\/title>\r\n<meta name=\"description\" content=\"Sancionada lei que que garante \u00e0 empregada gestante o afastamento do trabalho presencial durante o per\u00edodo da pandemia de covid-19, sem preju\u00edzo do recebimento do sal\u00e1rio.\" \/>\r\n<meta name=\"robots\" content=\"index, follow, max-snippet:-1, max-image-preview:large, max-video-preview:-1\" \/>\r\n<link rel=\"canonical\" href=\"https:\/\/moraistavares.adv.br\/blog\/sancionada-lei-que-preve-afastamento-de-gravidas-durante-pandemia\/\" \/>\r\n<meta property=\"og:locale\" content=\"pt_BR\" \/>\r\n<meta property=\"og:type\" content=\"article\" \/>\r\n<meta property=\"og:title\" content=\"Sancionada lei que prev\u00ea afastamento de gr\u00e1vidas durante pandemia - Blog Morais &amp; Tavares Advogados\" \/>\r\n<meta property=\"og:description\" content=\"Sancionada lei que que garante \u00e0 empregada gestante o afastamento do trabalho presencial durante o per\u00edodo da pandemia de covid-19, sem preju\u00edzo do recebimento do sal\u00e1rio.\" \/>\r\n<meta property=\"og:url\" content=\"https:\/\/moraistavares.adv.br\/blog\/sancionada-lei-que-preve-afastamento-de-gravidas-durante-pandemia\/\" \/>\r\n<meta property=\"og:site_name\" content=\"Blog Morais &amp; Tavares Advogados\" \/>\r\n<meta property=\"article:publisher\" content=\"https:\/\/www.facebook.com\/moraistavaresadvogados\/\" \/>\r\n<meta property=\"article:published_time\" content=\"2021-05-13T13:06:42+00:00\" \/>\r\n<meta property=\"article:modified_time\" content=\"2021-05-13T13:07:15+00:00\" \/>\r\n<meta property=\"og:image\" content=\"https:\/\/moraistavares.adv.br\/blog\/wp-content\/uploads\/2021\/04\/advogado-direito-do-trabalho.jpg\" \/>\r\n\t<meta property=\"og:image:width\" content=\"1200\" \/>\r\n\t<meta property=\"og:image:height\" content=\"439\" \/>\r\n<meta name=\"twitter:card\" content=\"summary_large_image\" \/>\r\n<meta name=\"twitter:creator\" content=\"@moraisetavares\" \/>\r\n<meta name=\"twitter:site\" content=\"@moraisetavares\" \/>\r\n<meta name=\"twitter:label1\" content=\"Est. reading time\">\n\t<meta name=\"twitter:data1\" content=\"1 minuto\">\r\n<script type=\"application\/ld+json\" class=\"yoast-schema-graph\">{\"@context\":\"https:\/\/schema.org\",\"@graph\":[{\"@type\":\"Organization\",\"@id\":\"https:\/\/moraistavares.adv.br\/blog\/#organization\",\"name\":\"Morais & Tavares Advogados Associados\",\"url\":\"https:\/\/moraistavares.adv.br\/blog\/\",\"sameAs\":[\"https:\/\/www.facebook.com\/moraistavaresadvogados\/\",\"https:\/\/www.instagram.com\/moraistavaresadv\/\",\"https:\/\/www.linkedin.com\/company\/morais-tavares-advogados-associados\/\",\"https:\/\/twitter.com\/moraisetavares\"],\"logo\":{\"@type\":\"ImageObject\",\"@id\":\"https:\/\/moraistavares.adv.br\/blog\/#logo\",\"inLanguage\":\"pt-BR\",\"url\":\"https:\/\/moraistavares.adv.br\/blog\/wp-content\/uploads\/2020\/09\/cropped-logo-morais-e-tavares.png\",\"width\":282,\"height\":110,\"caption\":\"Morais & Tavares Advogados Associados\"},\"image\":{\"@id\":\"https:\/\/moraistavares.adv.br\/blog\/#logo\"}},{\"@type\":\"WebSite\",\"@id\":\"https:\/\/moraistavares.adv.br\/blog\/#website\",\"url\":\"https:\/\/moraistavares.adv.br\/blog\/\",\"name\":\"Blog Morais & Tavares Advogados\",\"description\":\"Not\\u00edcias e Informa\\u00e7\\u00f5es do escrit\\u00f3rio Morais &amp; Tavares Advogados Associados\",\"publisher\":{\"@id\":\"https:\/\/moraistavares.adv.br\/blog\/#organization\"},\"potentialAction\":[{\"@type\":\"SearchAction\",\"target\":\"https:\/\/moraistavares.adv.br\/blog\/?s={search_term_string}\",\"query-input\":\"required name=search_term_string\"}],\"inLanguage\":\"pt-BR\"},{\"@type\":\"ImageObject\",\"@id\":\"https:\/\/moraistavares.adv.br\/blog\/sancionada-lei-que-preve-afastamento-de-gravidas-durante-pandemia\/#primaryimage\",\"inLanguage\":\"pt-BR\",\"url\":\"https:\/\/moraistavares.adv.br\/blog\/wp-content\/uploads\/2021\/04\/advogado-direito-do-trabalho.jpg\",\"width\":1200,\"height\":439,\"caption\":\"Advogado Direito do Trabalho\"},{\"@type\":\"WebPage\",\"@id\":\"https:\/\/moraistavares.adv.br\/blog\/sancionada-lei-que-preve-afastamento-de-gravidas-durante-pandemia\/#webpage\",\"url\":\"https:\/\/moraistavares.adv.br\/blog\/sancionada-lei-que-preve-afastamento-de-gravidas-durante-pandemia\/\",\"name\":\"Sancionada lei que prev\\u00ea afastamento de gr\\u00e1vidas durante pandemia - Blog Morais &amp; Tavares Advogados\",\"isPartOf\":{\"@id\":\"https:\/\/moraistavares.adv.br\/blog\/#website\"},\"primaryImageOfPage\":{\"@id\":\"https:\/\/moraistavares.adv.br\/blog\/sancionada-lei-que-preve-afastamento-de-gravidas-durante-pandemia\/#primaryimage\"},\"datePublished\":\"2021-05-13T13:06:42+00:00\",\"dateModified\":\"2021-05-13T13:07:15+00:00\",\"description\":\"Sancionada lei que que garante \\u00e0 empregada gestante o afastamento do trabalho presencial durante o per\\u00edodo da pandemia de covid-19, sem preju\\u00edzo do recebimento do sal\\u00e1rio.\",\"inLanguage\":\"pt-BR\",\"potentialAction\":[{\"@type\":\"ReadAction\",\"target\":[\"https:\/\/moraistavares.adv.br\/blog\/sancionada-lei-que-preve-afastamento-de-gravidas-durante-pandemia\/\"]}]},{\"@type\":\"Article\",\"@id\":\"https:\/\/moraistavares.adv.br\/blog\/sancionada-lei-que-preve-afastamento-de-gravidas-durante-pandemia\/#article\",\"isPartOf\":{\"@id\":\"https:\/\/moraistavares.adv.br\/blog\/sancionada-lei-que-preve-afastamento-de-gravidas-durante-pandemia\/#webpage\"},\"author\":{\"@id\":\"https:\/\/moraistavares.adv.br\/blog\/#\/schema\/person\/50985d3ae4b2de3d7bfbb05a215e0ff5\"},\"headline\":\"Sancionada lei que prev\\u00ea afastamento de gr\\u00e1vidas durante pandemia\",\"datePublished\":\"2021-05-13T13:06:42+00:00\",\"dateModified\":\"2021-05-13T13:07:15+00:00\",\"mainEntityOfPage\":{\"@id\":\"https:\/\/moraistavares.adv.br\/blog\/sancionada-lei-que-preve-afastamento-de-gravidas-durante-pandemia\/#webpage\"},\"commentCount\":0,\"publisher\":{\"@id\":\"https:\/\/moraistavares.adv.br\/blog\/#organization\"},\"image\":{\"@id\":\"https:\/\/moraistavares.adv.br\/blog\/sancionada-lei-que-preve-afastamento-de-gravidas-durante-pandemia\/#primaryimage\"},\"keywords\":\"advogadodireitodotrabalho,covid,covid_19,DireitoDoTrabalho,gravida,lei14151,moraistavaresadvogados,Pandemia,teletrabalho,trabalhoremoto\",\"articleSection\":\"COVID19,Direito do Trabalho\",\"inLanguage\":\"pt-BR\",\"potentialAction\":[{\"@type\":\"CommentAction\",\"name\":\"Comment\",\"target\":[\"https:\/\/moraistavares.adv.br\/blog\/sancionada-lei-que-preve-afastamento-de-gravidas-durante-pandemia\/#respond\"]}]},{\"@type\":\"Person\",\"@id\":\"https:\/\/moraistavares.adv.br\/blog\/#\/schema\/person\/50985d3ae4b2de3d7bfbb05a215e0ff5\",\"name\":\"Morais Tavares\",\"image\":{\"@type\":\"ImageObject\",\"@id\":\"https:\/\/moraistavares.adv.br\/blog\/#personlogo\",\"inLanguage\":\"pt-BR\",\"url\":\"https:\/\/secure.gravatar.com\/avatar\/9ce3d5303757237045117d3e94d9f8f1?s=96&d=mm&r=g\",\"caption\":\"Morais Tavares\"}}]}<\/script>\r\n<!-- \/ Yoast SEO Premium plugin. -->","_links":{"self":[{"href":"https:\/\/moraistavares.adv.br\/blog\/wp-json\/wp\/v2\/posts\/475"}],"collection":[{"href":"https:\/\/moraistavares.adv.br\/blog\/wp-json\/wp\/v2\/posts"}],"about":[{"href":"https:\/\/moraistavares.adv.br\/blog\/wp-json\/wp\/v2\/types\/post"}],"author":[{"embeddable":true,"href":"https:\/\/moraistavares.adv.br\/blog\/wp-json\/wp\/v2\/users\/1"}],"replies":[{"embeddable":true,"href":"https:\/\/moraistavares.adv.br\/blog\/wp-json\/wp\/v2\/comments?post=475"}],"version-history":[{"count":2,"href":"https:\/\/moraistavares.adv.br\/blog\/wp-json\/wp\/v2\/posts\/475\/revisions"}],"predecessor-version":[{"id":477,"href":"https:\/\/moraistavares.adv.br\/blog\/wp-json\/wp\/v2\/posts\/475\/revisions\/477"}],"wp:featuredmedia":[{"embeddable":true,"href":"https:\/\/moraistavares.adv.br\/blog\/wp-json\/wp\/v2\/media\/428"}],"wp:attachment":[{"href":"https:\/\/moraistavares.adv.br\/blog\/wp-json\/wp\/v2\/media?parent=475"}],"wp:term":[{"taxonomy":"category","embeddable":true,"href":"https:\/\/moraistavares.adv.br\/blog\/wp-json\/wp\/v2\/categories?post=475"},{"taxonomy":"post_tag","embeddable":true,"href":"https:\/\/moraistavares.adv.br\/blog\/wp-json\/wp\/v2\/tags?post=475"}],"curies":[{"name":"wp","href":"https:\/\/api.w.org\/{rel}","templated":true}]}}