{"id":448,"date":"2021-05-02T18:09:14","date_gmt":"2021-05-02T21:09:14","guid":{"rendered":"https:\/\/moraistavares.adv.br\/blog\/?p=448"},"modified":"2021-05-02T18:09:14","modified_gmt":"2021-05-02T21:09:14","slug":"saiba-quais-sao-as-15-enfermidades-que-dao-direito-ao-auxilio-doenca","status":"publish","type":"post","link":"https:\/\/moraistavares.adv.br\/blog\/saiba-quais-sao-as-15-enfermidades-que-dao-direito-ao-auxilio-doenca\/","title":{"rendered":"Saiba quais s\u00e3o as 15 enfermidades que d\u00e3o direito ao Aux\u00edlio-Doen\u00e7a"},"content":{"rendered":"<h1>Saiba quais s\u00e3o as 15 enfermidades que d\u00e3o direito ao Aux\u00edlio-Doen\u00e7a.<\/h1>\n<p>\ud83d\udc49 <strong>Aliena\u00e7\u00e3o mental<\/strong>: dist\u00farbio mentais como, esquizofrenia, depress\u00e3o e paranoia. \u00c9 necess\u00e1ria an\u00e1lise m\u00e9dica que comprove a condi\u00e7\u00e3o;<\/p>\n<p>\ud83d\udc49 <strong>Cardiopatia grave<\/strong>: doen\u00e7a cr\u00f4nica do m\u00fasculo card\u00edaco, que impede o acometido da realiza\u00e7\u00e3o de esfor\u00e7o f\u00edsico severo ou extenuante;<\/p>\n<p>\ud83d\udc49 <strong>Cegueira<\/strong>: pode acontecer por diversos motivos por\u00e9m normalmente ocorre com o aparecimento de glaucoma, retinopatia diab\u00e9tica e outros males;<\/p>\n<p>\ud83d\udc49<strong> Radia\u00e7\u00e3o por medicina especializada<\/strong>: indiv\u00edduo exposto a radia\u00e7\u00e3o por um per\u00edodo prolongado que se encontre incapacitado de realizar tarefas relacionadas a vida comum;<\/p>\n<p>\ud83d\udc49 <strong>HIV<\/strong>: trata-se da s\u00edndrome da imunodefici\u00eancia adquirida, conhecida popularmente como AIDS;<\/p>\n<p>\ud83d\udc49 <strong>Doen\u00e7a de Paget<\/strong>: conhecida tamb\u00e9m como oste\u00edte deformante. Em est\u00e1gios avan\u00e7ados gera incapacita\u00e7\u00e3o de estruturas \u00f3sseas e da medula;<\/p>\n<p>\ud83d\udc49 <strong>Nefropatias graves<\/strong>: doen\u00e7as que atingem os rins, incapacitando o segurado na realiza\u00e7\u00e3o de tarefas de trabalho;<\/p>\n<p>\ud83d\udc49 <strong>Espondiloartrose anquilosante<\/strong>: doen\u00e7a que atinge a coluna vertebral, causa uma diminui\u00e7\u00e3o do movimento;<\/p>\n<p>\ud83d\udc49 <strong>Doen\u00e7a de Parkinson<\/strong>: doen\u00e7a degenerativa que atinge o sistema nervoso;<\/p>\n<p>\ud83d\udc49 <strong>Paralisia incapacitante<\/strong>: les\u00e3o destrutiva que impede o funcionamento de estruturas musculares;<\/p>\n<p>\ud83d\udc49 <strong>Neoplasia maligna<\/strong>: conhecido como c\u00e2ncer, atinge diversas c\u00e9lulas corporais;<\/p>\n<p>Hepatopatia grave: patologia aguda que atinge o f\u00edgado;<\/p>\n<p>\ud83d\udc49 <strong>Esclerose m\u00faltipla<\/strong>: doen\u00e7a inflamat\u00f3ria cr\u00f4nica que atinge o sistema nervoso;<\/p>\n<p>\ud83d\udc49 <strong>Hansen\u00edase<\/strong>: doen\u00e7a que gera perda de sensibilidade e manchas brancas pelo corpo;<\/p>\n<p>\ud83d\udc49 <strong>Tuberculose ativa<\/strong>: doen\u00e7a altamente transmiss\u00edvel, causada por uma bact\u00e9ria que atinge diversas partes do corpo.<\/p>\n<p>Publica\u00e7\u00e3o de acordo com Provimento 94\/2000 CFOAB<\/p>\n<p>#direitoprevidenciario #previdencia #auxiliodoenca #moraistavaresadvogados<\/p>\n","protected":false},"excerpt":{"rendered":"<p>Saiba quais s\u00e3o as 15 enfermidades que d\u00e3o direito ao Aux\u00edlio-Doen\u00e7a. \ud83d\udc49 Aliena\u00e7\u00e3o mental: dist\u00farbio [&hellip;]<\/p>\n","protected":false},"author":1,"featured_media":449,"comment_status":"open","ping_status":"open","sticky":false,"template":"","format":"standard","meta":[],"categories":[179],"tags":[311,263,101,181],"yoast_head":"<!-- This site is optimized with the Yoast SEO Premium plugin v15.6.2 - https:\/\/yoast.com\/wordpress\/plugins\/seo\/ -->\r\n<title>Saiba quais s\u00e3o as 15 enfermidades que d\u00e3o direito ao Aux\u00edlio-Doen\u00e7a - Blog Morais &amp; Tavares Advogados<\/title>\r\n<meta name=\"description\" content=\"Conhe\u00e7a as principais doen\u00e7as que d\u00e3o direito ao Aux\u00edlio-Doen\u00e7a.\" \/>\r\n<meta name=\"robots\" content=\"index, follow, max-snippet:-1, max-image-preview:large, max-video-preview:-1\" \/>\r\n<link rel=\"canonical\" href=\"https:\/\/moraistavares.adv.br\/blog\/saiba-quais-sao-as-15-enfermidades-que-dao-direito-ao-auxilio-doenca\/\" \/>\r\n<meta property=\"og:locale\" content=\"pt_BR\" \/>\r\n<meta property=\"og:type\" content=\"article\" \/>\r\n<meta property=\"og:title\" content=\"Saiba quais s\u00e3o as 15 enfermidades que d\u00e3o direito ao Aux\u00edlio-Doen\u00e7a - Blog Morais &amp; Tavares Advogados\" \/>\r\n<meta property=\"og:description\" content=\"Conhe\u00e7a as principais doen\u00e7as que d\u00e3o direito ao Aux\u00edlio-Doen\u00e7a.\" \/>\r\n<meta property=\"og:url\" content=\"https:\/\/moraistavares.adv.br\/blog\/saiba-quais-sao-as-15-enfermidades-que-dao-direito-ao-auxilio-doenca\/\" \/>\r\n<meta property=\"og:site_name\" content=\"Blog Morais &amp; Tavares Advogados\" \/>\r\n<meta property=\"article:publisher\" content=\"https:\/\/www.facebook.com\/moraistavaresadvogados\/\" \/>\r\n<meta property=\"article:published_time\" content=\"2021-05-02T21:09:14+00:00\" \/>\r\n<meta property=\"og:image\" content=\"https:\/\/moraistavares.adv.br\/blog\/wp-content\/uploads\/2021\/05\/duvida-irmaos-1.jpg\" \/>\r\n\t<meta property=\"og:image:width\" content=\"1200\" \/>\r\n\t<meta property=\"og:image:height\" content=\"439\" \/>\r\n<meta name=\"twitter:card\" content=\"summary_large_image\" \/>\r\n<meta name=\"twitter:creator\" content=\"@moraisetavares\" \/>\r\n<meta name=\"twitter:site\" content=\"@moraisetavares\" \/>\r\n<meta name=\"twitter:label1\" content=\"Est. reading time\">\n\t<meta name=\"twitter:data1\" content=\"2 minutos\">\r\n<script type=\"application\/ld+json\" class=\"yoast-schema-graph\">{\"@context\":\"https:\/\/schema.org\",\"@graph\":[{\"@type\":\"Organization\",\"@id\":\"https:\/\/moraistavares.adv.br\/blog\/#organization\",\"name\":\"Morais & Tavares Advogados Associados\",\"url\":\"https:\/\/moraistavares.adv.br\/blog\/\",\"sameAs\":[\"https:\/\/www.facebook.com\/moraistavaresadvogados\/\",\"https:\/\/www.instagram.com\/moraistavaresadv\/\",\"https:\/\/www.linkedin.com\/company\/morais-tavares-advogados-associados\/\",\"https:\/\/twitter.com\/moraisetavares\"],\"logo\":{\"@type\":\"ImageObject\",\"@id\":\"https:\/\/moraistavares.adv.br\/blog\/#logo\",\"inLanguage\":\"pt-BR\",\"url\":\"https:\/\/moraistavares.adv.br\/blog\/wp-content\/uploads\/2020\/09\/cropped-logo-morais-e-tavares.png\",\"width\":282,\"height\":110,\"caption\":\"Morais & Tavares Advogados Associados\"},\"image\":{\"@id\":\"https:\/\/moraistavares.adv.br\/blog\/#logo\"}},{\"@type\":\"WebSite\",\"@id\":\"https:\/\/moraistavares.adv.br\/blog\/#website\",\"url\":\"https:\/\/moraistavares.adv.br\/blog\/\",\"name\":\"Blog Morais & Tavares Advogados\",\"description\":\"Not\\u00edcias e Informa\\u00e7\\u00f5es do escrit\\u00f3rio Morais &amp; Tavares Advogados Associados\",\"publisher\":{\"@id\":\"https:\/\/moraistavares.adv.br\/blog\/#organization\"},\"potentialAction\":[{\"@type\":\"SearchAction\",\"target\":\"https:\/\/moraistavares.adv.br\/blog\/?s={search_term_string}\",\"query-input\":\"required name=search_term_string\"}],\"inLanguage\":\"pt-BR\"},{\"@type\":\"ImageObject\",\"@id\":\"https:\/\/moraistavares.adv.br\/blog\/saiba-quais-sao-as-15-enfermidades-que-dao-direito-ao-auxilio-doenca\/#primaryimage\",\"inLanguage\":\"pt-BR\",\"url\":\"https:\/\/moraistavares.adv.br\/blog\/wp-content\/uploads\/2021\/05\/duvida-irmaos-1.jpg\",\"width\":1200,\"height\":439,\"caption\":\"Advogado Direito Previdenci\\u00e1rio\"},{\"@type\":\"WebPage\",\"@id\":\"https:\/\/moraistavares.adv.br\/blog\/saiba-quais-sao-as-15-enfermidades-que-dao-direito-ao-auxilio-doenca\/#webpage\",\"url\":\"https:\/\/moraistavares.adv.br\/blog\/saiba-quais-sao-as-15-enfermidades-que-dao-direito-ao-auxilio-doenca\/\",\"name\":\"Saiba quais s\\u00e3o as 15 enfermidades que d\\u00e3o direito ao Aux\\u00edlio-Doen\\u00e7a - Blog Morais &amp; Tavares Advogados\",\"isPartOf\":{\"@id\":\"https:\/\/moraistavares.adv.br\/blog\/#website\"},\"primaryImageOfPage\":{\"@id\":\"https:\/\/moraistavares.adv.br\/blog\/saiba-quais-sao-as-15-enfermidades-que-dao-direito-ao-auxilio-doenca\/#primaryimage\"},\"datePublished\":\"2021-05-02T21:09:14+00:00\",\"dateModified\":\"2021-05-02T21:09:14+00:00\",\"description\":\"Conhe\\u00e7a as principais doen\\u00e7as que d\\u00e3o direito ao Aux\\u00edlio-Doen\\u00e7a.\",\"inLanguage\":\"pt-BR\",\"potentialAction\":[{\"@type\":\"ReadAction\",\"target\":[\"https:\/\/moraistavares.adv.br\/blog\/saiba-quais-sao-as-15-enfermidades-que-dao-direito-ao-auxilio-doenca\/\"]}]},{\"@type\":\"Article\",\"@id\":\"https:\/\/moraistavares.adv.br\/blog\/saiba-quais-sao-as-15-enfermidades-que-dao-direito-ao-auxilio-doenca\/#article\",\"isPartOf\":{\"@id\":\"https:\/\/moraistavares.adv.br\/blog\/saiba-quais-sao-as-15-enfermidades-que-dao-direito-ao-auxilio-doenca\/#webpage\"},\"author\":{\"@id\":\"https:\/\/moraistavares.adv.br\/blog\/#\/schema\/person\/50985d3ae4b2de3d7bfbb05a215e0ff5\"},\"headline\":\"Saiba quais s\\u00e3o as 15 enfermidades que d\\u00e3o direito ao Aux\\u00edlio-Doen\\u00e7a\",\"datePublished\":\"2021-05-02T21:09:14+00:00\",\"dateModified\":\"2021-05-02T21:09:14+00:00\",\"mainEntityOfPage\":{\"@id\":\"https:\/\/moraistavares.adv.br\/blog\/saiba-quais-sao-as-15-enfermidades-que-dao-direito-ao-auxilio-doenca\/#webpage\"},\"commentCount\":0,\"publisher\":{\"@id\":\"https:\/\/moraistavares.adv.br\/blog\/#organization\"},\"image\":{\"@id\":\"https:\/\/moraistavares.adv.br\/blog\/saiba-quais-sao-as-15-enfermidades-que-dao-direito-ao-auxilio-doenca\/#primaryimage\"},\"keywords\":\"auxiliodoenca,direitoprevidenciario,moraistavaresadvogados,previdencia\",\"articleSection\":\"Direito Previdenci\\u00e1rio\",\"inLanguage\":\"pt-BR\",\"potentialAction\":[{\"@type\":\"CommentAction\",\"name\":\"Comment\",\"target\":[\"https:\/\/moraistavares.adv.br\/blog\/saiba-quais-sao-as-15-enfermidades-que-dao-direito-ao-auxilio-doenca\/#respond\"]}]},{\"@type\":\"Person\",\"@id\":\"https:\/\/moraistavares.adv.br\/blog\/#\/schema\/person\/50985d3ae4b2de3d7bfbb05a215e0ff5\",\"name\":\"Morais Tavares\",\"image\":{\"@type\":\"ImageObject\",\"@id\":\"https:\/\/moraistavares.adv.br\/blog\/#personlogo\",\"inLanguage\":\"pt-BR\",\"url\":\"https:\/\/secure.gravatar.com\/avatar\/9ce3d5303757237045117d3e94d9f8f1?s=96&d=mm&r=g\",\"caption\":\"Morais Tavares\"}}]}<\/script>\r\n<!-- \/ Yoast SEO Premium plugin. -->","_links":{"self":[{"href":"https:\/\/moraistavares.adv.br\/blog\/wp-json\/wp\/v2\/posts\/448"}],"collection":[{"href":"https:\/\/moraistavares.adv.br\/blog\/wp-json\/wp\/v2\/posts"}],"about":[{"href":"https:\/\/moraistavares.adv.br\/blog\/wp-json\/wp\/v2\/types\/post"}],"author":[{"embeddable":true,"href":"https:\/\/moraistavares.adv.br\/blog\/wp-json\/wp\/v2\/users\/1"}],"replies":[{"embeddable":true,"href":"https:\/\/moraistavares.adv.br\/blog\/wp-json\/wp\/v2\/comments?post=448"}],"version-history":[{"count":1,"href":"https:\/\/moraistavares.adv.br\/blog\/wp-json\/wp\/v2\/posts\/448\/revisions"}],"predecessor-version":[{"id":450,"href":"https:\/\/moraistavares.adv.br\/blog\/wp-json\/wp\/v2\/posts\/448\/revisions\/450"}],"wp:featuredmedia":[{"embeddable":true,"href":"https:\/\/moraistavares.adv.br\/blog\/wp-json\/wp\/v2\/media\/449"}],"wp:attachment":[{"href":"https:\/\/moraistavares.adv.br\/blog\/wp-json\/wp\/v2\/media?parent=448"}],"wp:term":[{"taxonomy":"category","embeddable":true,"href":"https:\/\/moraistavares.adv.br\/blog\/wp-json\/wp\/v2\/categories?post=448"},{"taxonomy":"post_tag","embeddable":true,"href":"https:\/\/moraistavares.adv.br\/blog\/wp-json\/wp\/v2\/tags?post=448"}],"curies":[{"name":"wp","href":"https:\/\/api.w.org\/{rel}","templated":true}]}}