{"id":432,"date":"2021-04-28T11:38:59","date_gmt":"2021-04-28T14:38:59","guid":{"rendered":"https:\/\/moraistavares.adv.br\/blog\/?p=432"},"modified":"2021-04-28T11:38:59","modified_gmt":"2021-04-28T14:38:59","slug":"planos-de-saude-devem-fornecer-proteses-que-tenham-ligacao-com-o-ato-cirurgico","status":"publish","type":"post","link":"https:\/\/moraistavares.adv.br\/blog\/planos-de-saude-devem-fornecer-proteses-que-tenham-ligacao-com-o-ato-cirurgico\/","title":{"rendered":"Planos de sa\u00fade devem fornecer pr\u00f3teses que tenham liga\u00e7\u00e3o com o ato cir\u00fargico"},"content":{"rendered":"<h1>Planos de sa\u00fade devem fornecer pr\u00f3teses que tenham liga\u00e7\u00e3o com o ato cir\u00fargico<\/h1>\n<p>&nbsp;<\/p>\n<p>A pr\u00f3tese \u00e9 o objeto que substitui \u00f3rg\u00e3o ou membro do organismo.<\/p>\n<p>&nbsp;<\/p>\n<p>A pr\u00f3tese deve ser fornecida e custeada pelo plano de sa\u00fade, desde que, tenha liga\u00e7\u00e3o com o ato cir\u00fargico, que o procedimento esteja previsto no rol da ANS e n\u00e3o tenha fins est\u00e9ticos.<\/p>\n<p>&nbsp;<\/p>\n<p>Assim, as cl\u00e1usulas contratuais que excluem a cobertura de pr\u00f3teses e \u00f3rteses, em procedimentos cir\u00fargicos n\u00e3o est\u00e9ticos s\u00e3o nulas, cabendo ao benefici\u00e1rio, em caso de negativa do custeio buscar a solu\u00e7\u00e3o de forma administrativa, perante a operadora do plano de sa\u00fade, n\u00e3o sendo poss\u00edvel, o Poder Judici\u00e1rio.<\/p>\n<p>&nbsp;<\/p>\n<p>Publica\u00e7\u00e3o de acordo com o Provimento 94\/2000 CFOAB.<\/p>\n<p>&nbsp;<\/p>\n<p>#direitodasaude #paciente #planodesaude #planosdesaude #protese #moraistavaresadvogados<\/p>\n","protected":false},"excerpt":{"rendered":"<p>Planos de sa\u00fade devem fornecer pr\u00f3teses que tenham liga\u00e7\u00e3o com o ato cir\u00fargico &nbsp; A [&hellip;]<\/p>\n","protected":false},"author":1,"featured_media":434,"comment_status":"open","ping_status":"open","sticky":false,"template":"","format":"standard","meta":[],"categories":[1],"tags":[297,101,298,193,192,299],"yoast_head":"<!-- This site is optimized with the Yoast SEO Premium plugin v15.6.2 - https:\/\/yoast.com\/wordpress\/plugins\/seo\/ -->\r\n<title>Planos de sa\u00fade devem fornecer pr\u00f3teses que tenham liga\u00e7\u00e3o com o ato cir\u00fargico - Blog Morais &amp; Tavares Advogados<\/title>\r\n<meta name=\"description\" content=\"A pr\u00f3tese deve ser fornecida e custeada pelo plano de sa\u00fade, desde que, tenha liga\u00e7\u00e3o com o ato cir\u00fargico, que o procedimento esteja previsto no rol da ANS e n\u00e3o tenha fins est\u00e9ticos.\" \/>\r\n<meta name=\"robots\" content=\"index, follow, max-snippet:-1, max-image-preview:large, max-video-preview:-1\" \/>\r\n<link rel=\"canonical\" href=\"https:\/\/moraistavares.adv.br\/blog\/planos-de-saude-devem-fornecer-proteses-que-tenham-ligacao-com-o-ato-cirurgico\/\" \/>\r\n<meta property=\"og:locale\" content=\"pt_BR\" \/>\r\n<meta property=\"og:type\" content=\"article\" \/>\r\n<meta property=\"og:title\" content=\"Planos de sa\u00fade devem fornecer pr\u00f3teses que tenham liga\u00e7\u00e3o com o ato cir\u00fargico - Blog Morais &amp; Tavares Advogados\" \/>\r\n<meta property=\"og:description\" content=\"A pr\u00f3tese deve ser fornecida e custeada pelo plano de sa\u00fade, desde que, tenha liga\u00e7\u00e3o com o ato cir\u00fargico, que o procedimento esteja previsto no rol da ANS e n\u00e3o tenha fins est\u00e9ticos.\" \/>\r\n<meta property=\"og:url\" content=\"https:\/\/moraistavares.adv.br\/blog\/planos-de-saude-devem-fornecer-proteses-que-tenham-ligacao-com-o-ato-cirurgico\/\" \/>\r\n<meta property=\"og:site_name\" content=\"Blog Morais &amp; Tavares Advogados\" \/>\r\n<meta property=\"article:publisher\" content=\"https:\/\/www.facebook.com\/moraistavaresadvogados\/\" \/>\r\n<meta property=\"article:published_time\" content=\"2021-04-28T14:38:59+00:00\" \/>\r\n<meta property=\"og:image\" content=\"https:\/\/moraistavares.adv.br\/blog\/wp-content\/uploads\/2021\/04\/advogado-planos-de-saude.jpg\" \/>\r\n\t<meta property=\"og:image:width\" content=\"1200\" \/>\r\n\t<meta property=\"og:image:height\" content=\"439\" \/>\r\n<meta name=\"twitter:card\" content=\"summary_large_image\" \/>\r\n<meta name=\"twitter:creator\" content=\"@moraisetavares\" \/>\r\n<meta name=\"twitter:site\" content=\"@moraisetavares\" \/>\r\n<meta name=\"twitter:label1\" content=\"Est. reading time\">\n\t<meta name=\"twitter:data1\" content=\"1 minuto\">\r\n<script type=\"application\/ld+json\" class=\"yoast-schema-graph\">{\"@context\":\"https:\/\/schema.org\",\"@graph\":[{\"@type\":\"Organization\",\"@id\":\"https:\/\/moraistavares.adv.br\/blog\/#organization\",\"name\":\"Morais & Tavares Advogados Associados\",\"url\":\"https:\/\/moraistavares.adv.br\/blog\/\",\"sameAs\":[\"https:\/\/www.facebook.com\/moraistavaresadvogados\/\",\"https:\/\/www.instagram.com\/moraistavaresadv\/\",\"https:\/\/www.linkedin.com\/company\/morais-tavares-advogados-associados\/\",\"https:\/\/twitter.com\/moraisetavares\"],\"logo\":{\"@type\":\"ImageObject\",\"@id\":\"https:\/\/moraistavares.adv.br\/blog\/#logo\",\"inLanguage\":\"pt-BR\",\"url\":\"https:\/\/moraistavares.adv.br\/blog\/wp-content\/uploads\/2020\/09\/cropped-logo-morais-e-tavares.png\",\"width\":282,\"height\":110,\"caption\":\"Morais & Tavares Advogados Associados\"},\"image\":{\"@id\":\"https:\/\/moraistavares.adv.br\/blog\/#logo\"}},{\"@type\":\"WebSite\",\"@id\":\"https:\/\/moraistavares.adv.br\/blog\/#website\",\"url\":\"https:\/\/moraistavares.adv.br\/blog\/\",\"name\":\"Blog Morais & Tavares Advogados\",\"description\":\"Not\\u00edcias e Informa\\u00e7\\u00f5es do escrit\\u00f3rio Morais &amp; Tavares Advogados Associados\",\"publisher\":{\"@id\":\"https:\/\/moraistavares.adv.br\/blog\/#organization\"},\"potentialAction\":[{\"@type\":\"SearchAction\",\"target\":\"https:\/\/moraistavares.adv.br\/blog\/?s={search_term_string}\",\"query-input\":\"required name=search_term_string\"}],\"inLanguage\":\"pt-BR\"},{\"@type\":\"ImageObject\",\"@id\":\"https:\/\/moraistavares.adv.br\/blog\/planos-de-saude-devem-fornecer-proteses-que-tenham-ligacao-com-o-ato-cirurgico\/#primaryimage\",\"inLanguage\":\"pt-BR\",\"url\":\"https:\/\/moraistavares.adv.br\/blog\/wp-content\/uploads\/2021\/04\/advogado-planos-de-saude.jpg\",\"width\":1200,\"height\":439,\"caption\":\"advogado planos de sa\\u00fade\"},{\"@type\":\"WebPage\",\"@id\":\"https:\/\/moraistavares.adv.br\/blog\/planos-de-saude-devem-fornecer-proteses-que-tenham-ligacao-com-o-ato-cirurgico\/#webpage\",\"url\":\"https:\/\/moraistavares.adv.br\/blog\/planos-de-saude-devem-fornecer-proteses-que-tenham-ligacao-com-o-ato-cirurgico\/\",\"name\":\"Planos de sa\\u00fade devem fornecer pr\\u00f3teses que tenham liga\\u00e7\\u00e3o com o ato cir\\u00fargico - Blog Morais &amp; Tavares Advogados\",\"isPartOf\":{\"@id\":\"https:\/\/moraistavares.adv.br\/blog\/#website\"},\"primaryImageOfPage\":{\"@id\":\"https:\/\/moraistavares.adv.br\/blog\/planos-de-saude-devem-fornecer-proteses-que-tenham-ligacao-com-o-ato-cirurgico\/#primaryimage\"},\"datePublished\":\"2021-04-28T14:38:59+00:00\",\"dateModified\":\"2021-04-28T14:38:59+00:00\",\"description\":\"A pr\\u00f3tese deve ser fornecida e custeada pelo plano de sa\\u00fade, desde que, tenha liga\\u00e7\\u00e3o com o ato cir\\u00fargico, que o procedimento esteja previsto no rol da ANS e n\\u00e3o tenha fins est\\u00e9ticos.\",\"inLanguage\":\"pt-BR\",\"potentialAction\":[{\"@type\":\"ReadAction\",\"target\":[\"https:\/\/moraistavares.adv.br\/blog\/planos-de-saude-devem-fornecer-proteses-que-tenham-ligacao-com-o-ato-cirurgico\/\"]}]},{\"@type\":\"Article\",\"@id\":\"https:\/\/moraistavares.adv.br\/blog\/planos-de-saude-devem-fornecer-proteses-que-tenham-ligacao-com-o-ato-cirurgico\/#article\",\"isPartOf\":{\"@id\":\"https:\/\/moraistavares.adv.br\/blog\/planos-de-saude-devem-fornecer-proteses-que-tenham-ligacao-com-o-ato-cirurgico\/#webpage\"},\"author\":{\"@id\":\"https:\/\/moraistavares.adv.br\/blog\/#\/schema\/person\/50985d3ae4b2de3d7bfbb05a215e0ff5\"},\"headline\":\"Planos de sa\\u00fade devem fornecer pr\\u00f3teses que tenham liga\\u00e7\\u00e3o com o ato cir\\u00fargico\",\"datePublished\":\"2021-04-28T14:38:59+00:00\",\"dateModified\":\"2021-04-28T14:38:59+00:00\",\"mainEntityOfPage\":{\"@id\":\"https:\/\/moraistavares.adv.br\/blog\/planos-de-saude-devem-fornecer-proteses-que-tenham-ligacao-com-o-ato-cirurgico\/#webpage\"},\"commentCount\":0,\"publisher\":{\"@id\":\"https:\/\/moraistavares.adv.br\/blog\/#organization\"},\"image\":{\"@id\":\"https:\/\/moraistavares.adv.br\/blog\/planos-de-saude-devem-fornecer-proteses-que-tenham-ligacao-com-o-ato-cirurgico\/#primaryimage\"},\"keywords\":\"direitodasaude,moraistavaresadvogados,paciente,planodesaude,planosdesaude,protese\",\"inLanguage\":\"pt-BR\",\"potentialAction\":[{\"@type\":\"CommentAction\",\"name\":\"Comment\",\"target\":[\"https:\/\/moraistavares.adv.br\/blog\/planos-de-saude-devem-fornecer-proteses-que-tenham-ligacao-com-o-ato-cirurgico\/#respond\"]}]},{\"@type\":\"Person\",\"@id\":\"https:\/\/moraistavares.adv.br\/blog\/#\/schema\/person\/50985d3ae4b2de3d7bfbb05a215e0ff5\",\"name\":\"Morais Tavares\",\"image\":{\"@type\":\"ImageObject\",\"@id\":\"https:\/\/moraistavares.adv.br\/blog\/#personlogo\",\"inLanguage\":\"pt-BR\",\"url\":\"https:\/\/secure.gravatar.com\/avatar\/9ce3d5303757237045117d3e94d9f8f1?s=96&d=mm&r=g\",\"caption\":\"Morais Tavares\"}}]}<\/script>\r\n<!-- \/ Yoast SEO Premium plugin. -->","_links":{"self":[{"href":"https:\/\/moraistavares.adv.br\/blog\/wp-json\/wp\/v2\/posts\/432"}],"collection":[{"href":"https:\/\/moraistavares.adv.br\/blog\/wp-json\/wp\/v2\/posts"}],"about":[{"href":"https:\/\/moraistavares.adv.br\/blog\/wp-json\/wp\/v2\/types\/post"}],"author":[{"embeddable":true,"href":"https:\/\/moraistavares.adv.br\/blog\/wp-json\/wp\/v2\/users\/1"}],"replies":[{"embeddable":true,"href":"https:\/\/moraistavares.adv.br\/blog\/wp-json\/wp\/v2\/comments?post=432"}],"version-history":[{"count":1,"href":"https:\/\/moraistavares.adv.br\/blog\/wp-json\/wp\/v2\/posts\/432\/revisions"}],"predecessor-version":[{"id":433,"href":"https:\/\/moraistavares.adv.br\/blog\/wp-json\/wp\/v2\/posts\/432\/revisions\/433"}],"wp:featuredmedia":[{"embeddable":true,"href":"https:\/\/moraistavares.adv.br\/blog\/wp-json\/wp\/v2\/media\/434"}],"wp:attachment":[{"href":"https:\/\/moraistavares.adv.br\/blog\/wp-json\/wp\/v2\/media?parent=432"}],"wp:term":[{"taxonomy":"category","embeddable":true,"href":"https:\/\/moraistavares.adv.br\/blog\/wp-json\/wp\/v2\/categories?post=432"},{"taxonomy":"post_tag","embeddable":true,"href":"https:\/\/moraistavares.adv.br\/blog\/wp-json\/wp\/v2\/tags?post=432"}],"curies":[{"name":"wp","href":"https:\/\/api.w.org\/{rel}","templated":true}]}}