{"id":427,"date":"2021-04-28T10:59:07","date_gmt":"2021-04-28T13:59:07","guid":{"rendered":"https:\/\/moraistavares.adv.br\/blog\/?p=427"},"modified":"2021-04-28T11:10:29","modified_gmt":"2021-04-28T14:10:29","slug":"publicada-mp-que-permite-reducao-de-salarios-e-jornadas-de-trabalho","status":"publish","type":"post","link":"https:\/\/moraistavares.adv.br\/blog\/publicada-mp-que-permite-reducao-de-salarios-e-jornadas-de-trabalho\/","title":{"rendered":"Publicada MP que permite redu\u00e7\u00e3o de sal\u00e1rios e jornadas de trabalho"},"content":{"rendered":"<h2>Publicada MP que permite redu\u00e7\u00e3o de sal\u00e1rios e jornadas de trabalho<\/h2>\n<p>&nbsp;<\/p>\n<p>Foi publicada medida provis\u00f3ria que institui o novo Programa Emergencial de Manuten\u00e7\u00e3o do Emprego e da Renda, que visa a mitigar os efeitos da pandemia de covid-19 na economia.<\/p>\n<p>O texto permite a redu\u00e7\u00e3o das jornadas e dos sal\u00e1rios e o adiamento do pagamento do FGTS.<\/p>\n<p>A suspens\u00e3o dos contratos de trabalho pode ser requisitada pelo empregador por at\u00e9 120 dias. O governo compensar\u00e1 com um benef\u00edcio referente \u00e0s parcelas do seguro-desemprego ao qual o empregado teria direito.<\/p>\n<p>O valor do sal\u00e1rio-hora de trabalho deve ser preservado. Caso haja redu\u00e7\u00e3o da jornada e dos sal\u00e1rios, os acordos devem seguir os seguintes percentuais: 25%, 50% ou 70%.<\/p>\n<p>O pagamento das parcelas de abril, maio, junho e julho do FGTS poder\u00e1 ser feito a partir de setembro.<\/p>\n<p>Em 2020, segundo o governo, 1,5 milh\u00e3o de trabalhadores tiveram jornadas ou sal\u00e1rios reduzidos, e 9,8 milh\u00f5es tiveram contratos suspensos.<\/p>\n<p>O texto prev\u00ea:<\/p>\n<p><strong>Redu\u00e7\u00e3o de trabalho e jornada<\/strong> \u2013 pode ser de 25%, 50% ou 70%. O trabalhador dever\u00e1 ter estabilidade por igual per\u00edodo depois do reestabelecimento da jornada.<\/p>\n<p><strong>Suspens\u00e3o do contrato de trabalho<\/strong> \u2013 dever\u00e1 ser formalizada por meio de acordo escrito, por, no m\u00e1ximo, at\u00e9 120 dias. O trabalhador dever\u00e1 ter estabilidade por igual per\u00edodo depois do reestabelecimento do contrato.<\/p>\n<p><strong>Benef\u00edcio para compensa\u00e7\u00e3o<\/strong> \u2013 a ser pago mensalmente, tem como refer\u00eancia a parcela do seguro-desemprego a que o empregado teria direito. Vale para os que tiveram contratos suspensos ou jornada reduzida.<\/p>\n<p><strong>F\u00e9rias<\/strong> \u2013 podem ser antecipadas \u2013desde que o trabalhador seja informado com no m\u00ednimo 48 horas de anteced\u00eancia\u2013 ou concedidas por acordo coletivo. Feriados tamb\u00e9m podem ser antecipados.<\/p>\n<p><strong>Teletrabalho<\/strong> \u2013 o empregador poder\u00e1 alterar o regime de trabalho presencial, independentemente de acordos individuais ou coletivos.<\/p>\n<p><strong>FGTS<\/strong> \u2013 as parcelas de abril, maio, junho e julho poder\u00e3o ser pagar a partir de setembro.<\/p>\n<p>#covid #direitodotrabalho #suspensaocontratodetrabalho #teletrabalho #homeoffice #moraistavaresadvogados<\/p>\n<p>&nbsp;<\/p>\n<p>&nbsp;<\/p>\n<p>&nbsp;<\/p>\n","protected":false},"excerpt":{"rendered":"<p>Publicada MP que permite redu\u00e7\u00e3o de sal\u00e1rios e jornadas de trabalho &nbsp; Foi publicada medida [&hellip;]<\/p>\n","protected":false},"author":1,"featured_media":428,"comment_status":"open","ping_status":"open","sticky":false,"template":"","format":"standard","meta":[],"categories":[51],"tags":[284,87,255,101,296,256],"yoast_head":"<!-- This site is optimized with the Yoast SEO Premium plugin v15.6.2 - https:\/\/yoast.com\/wordpress\/plugins\/seo\/ -->\r\n<title>Publicada MP que permite redu\u00e7\u00e3o de sal\u00e1rios e jornadas de trabalho - Blog Morais &amp; Tavares Advogados<\/title>\r\n<meta name=\"description\" content=\"Publicada MP que institui o novo Programa Emergencial de Manuten\u00e7\u00e3o do Emprego e da Renda, que visa a mitigar os efeitos da pandemia de covid-19 na economia.\" \/>\r\n<meta name=\"robots\" content=\"index, follow, max-snippet:-1, max-image-preview:large, max-video-preview:-1\" \/>\r\n<link rel=\"canonical\" href=\"https:\/\/moraistavares.adv.br\/blog\/publicada-mp-que-permite-reducao-de-salarios-e-jornadas-de-trabalho\/\" \/>\r\n<meta property=\"og:locale\" content=\"pt_BR\" \/>\r\n<meta property=\"og:type\" content=\"article\" \/>\r\n<meta property=\"og:title\" content=\"Publicada MP que permite redu\u00e7\u00e3o de sal\u00e1rios e jornadas de trabalho - Blog Morais &amp; Tavares Advogados\" \/>\r\n<meta property=\"og:description\" content=\"Publicada MP que institui o novo Programa Emergencial de Manuten\u00e7\u00e3o do Emprego e da Renda, que visa a mitigar os efeitos da pandemia de covid-19 na economia.\" \/>\r\n<meta property=\"og:url\" content=\"https:\/\/moraistavares.adv.br\/blog\/publicada-mp-que-permite-reducao-de-salarios-e-jornadas-de-trabalho\/\" \/>\r\n<meta property=\"og:site_name\" content=\"Blog Morais &amp; Tavares Advogados\" \/>\r\n<meta property=\"article:publisher\" content=\"https:\/\/www.facebook.com\/moraistavaresadvogados\/\" \/>\r\n<meta property=\"article:published_time\" content=\"2021-04-28T13:59:07+00:00\" \/>\r\n<meta property=\"article:modified_time\" content=\"2021-04-28T14:10:29+00:00\" \/>\r\n<meta property=\"og:image\" content=\"https:\/\/moraistavares.adv.br\/blog\/wp-content\/uploads\/2021\/04\/advogado-direito-do-trabalho.jpg\" \/>\r\n\t<meta property=\"og:image:width\" content=\"1200\" \/>\r\n\t<meta property=\"og:image:height\" content=\"439\" \/>\r\n<meta name=\"twitter:card\" content=\"summary_large_image\" \/>\r\n<meta name=\"twitter:creator\" content=\"@moraisetavares\" \/>\r\n<meta name=\"twitter:site\" content=\"@moraisetavares\" \/>\r\n<meta name=\"twitter:label1\" content=\"Est. reading time\">\n\t<meta name=\"twitter:data1\" content=\"2 minutos\">\r\n<script type=\"application\/ld+json\" class=\"yoast-schema-graph\">{\"@context\":\"https:\/\/schema.org\",\"@graph\":[{\"@type\":\"Organization\",\"@id\":\"https:\/\/moraistavares.adv.br\/blog\/#organization\",\"name\":\"Morais & Tavares Advogados Associados\",\"url\":\"https:\/\/moraistavares.adv.br\/blog\/\",\"sameAs\":[\"https:\/\/www.facebook.com\/moraistavaresadvogados\/\",\"https:\/\/www.instagram.com\/moraistavaresadv\/\",\"https:\/\/www.linkedin.com\/company\/morais-tavares-advogados-associados\/\",\"https:\/\/twitter.com\/moraisetavares\"],\"logo\":{\"@type\":\"ImageObject\",\"@id\":\"https:\/\/moraistavares.adv.br\/blog\/#logo\",\"inLanguage\":\"pt-BR\",\"url\":\"https:\/\/moraistavares.adv.br\/blog\/wp-content\/uploads\/2020\/09\/cropped-logo-morais-e-tavares.png\",\"width\":282,\"height\":110,\"caption\":\"Morais & Tavares Advogados Associados\"},\"image\":{\"@id\":\"https:\/\/moraistavares.adv.br\/blog\/#logo\"}},{\"@type\":\"WebSite\",\"@id\":\"https:\/\/moraistavares.adv.br\/blog\/#website\",\"url\":\"https:\/\/moraistavares.adv.br\/blog\/\",\"name\":\"Blog Morais & Tavares Advogados\",\"description\":\"Not\\u00edcias e Informa\\u00e7\\u00f5es do escrit\\u00f3rio Morais &amp; Tavares Advogados Associados\",\"publisher\":{\"@id\":\"https:\/\/moraistavares.adv.br\/blog\/#organization\"},\"potentialAction\":[{\"@type\":\"SearchAction\",\"target\":\"https:\/\/moraistavares.adv.br\/blog\/?s={search_term_string}\",\"query-input\":\"required name=search_term_string\"}],\"inLanguage\":\"pt-BR\"},{\"@type\":\"ImageObject\",\"@id\":\"https:\/\/moraistavares.adv.br\/blog\/publicada-mp-que-permite-reducao-de-salarios-e-jornadas-de-trabalho\/#primaryimage\",\"inLanguage\":\"pt-BR\",\"url\":\"https:\/\/moraistavares.adv.br\/blog\/wp-content\/uploads\/2021\/04\/advogado-direito-do-trabalho.jpg\",\"width\":1200,\"height\":439,\"caption\":\"Advogado Direito do Trabalho\"},{\"@type\":\"WebPage\",\"@id\":\"https:\/\/moraistavares.adv.br\/blog\/publicada-mp-que-permite-reducao-de-salarios-e-jornadas-de-trabalho\/#webpage\",\"url\":\"https:\/\/moraistavares.adv.br\/blog\/publicada-mp-que-permite-reducao-de-salarios-e-jornadas-de-trabalho\/\",\"name\":\"Publicada MP que permite redu\\u00e7\\u00e3o de sal\\u00e1rios e jornadas de trabalho - Blog Morais &amp; Tavares Advogados\",\"isPartOf\":{\"@id\":\"https:\/\/moraistavares.adv.br\/blog\/#website\"},\"primaryImageOfPage\":{\"@id\":\"https:\/\/moraistavares.adv.br\/blog\/publicada-mp-que-permite-reducao-de-salarios-e-jornadas-de-trabalho\/#primaryimage\"},\"datePublished\":\"2021-04-28T13:59:07+00:00\",\"dateModified\":\"2021-04-28T14:10:29+00:00\",\"description\":\"Publicada MP que institui o novo Programa Emergencial de Manuten\\u00e7\\u00e3o do Emprego e da Renda, que visa a mitigar os efeitos da pandemia de covid-19 na economia.\",\"inLanguage\":\"pt-BR\",\"potentialAction\":[{\"@type\":\"ReadAction\",\"target\":[\"https:\/\/moraistavares.adv.br\/blog\/publicada-mp-que-permite-reducao-de-salarios-e-jornadas-de-trabalho\/\"]}]},{\"@type\":\"Article\",\"@id\":\"https:\/\/moraistavares.adv.br\/blog\/publicada-mp-que-permite-reducao-de-salarios-e-jornadas-de-trabalho\/#article\",\"isPartOf\":{\"@id\":\"https:\/\/moraistavares.adv.br\/blog\/publicada-mp-que-permite-reducao-de-salarios-e-jornadas-de-trabalho\/#webpage\"},\"author\":{\"@id\":\"https:\/\/moraistavares.adv.br\/blog\/#\/schema\/person\/50985d3ae4b2de3d7bfbb05a215e0ff5\"},\"headline\":\"Publicada MP que permite redu\\u00e7\\u00e3o de sal\\u00e1rios e jornadas de trabalho\",\"datePublished\":\"2021-04-28T13:59:07+00:00\",\"dateModified\":\"2021-04-28T14:10:29+00:00\",\"mainEntityOfPage\":{\"@id\":\"https:\/\/moraistavares.adv.br\/blog\/publicada-mp-que-permite-reducao-de-salarios-e-jornadas-de-trabalho\/#webpage\"},\"commentCount\":0,\"publisher\":{\"@id\":\"https:\/\/moraistavares.adv.br\/blog\/#organization\"},\"image\":{\"@id\":\"https:\/\/moraistavares.adv.br\/blog\/publicada-mp-que-permite-reducao-de-salarios-e-jornadas-de-trabalho\/#primaryimage\"},\"keywords\":\"covid,DireitoDoTrabalho,homeoffice,moraistavaresadvogados,suspensaocontratodetrabalho,teletrabalho\",\"articleSection\":\"Direito do Trabalho\",\"inLanguage\":\"pt-BR\",\"potentialAction\":[{\"@type\":\"CommentAction\",\"name\":\"Comment\",\"target\":[\"https:\/\/moraistavares.adv.br\/blog\/publicada-mp-que-permite-reducao-de-salarios-e-jornadas-de-trabalho\/#respond\"]}]},{\"@type\":\"Person\",\"@id\":\"https:\/\/moraistavares.adv.br\/blog\/#\/schema\/person\/50985d3ae4b2de3d7bfbb05a215e0ff5\",\"name\":\"Morais Tavares\",\"image\":{\"@type\":\"ImageObject\",\"@id\":\"https:\/\/moraistavares.adv.br\/blog\/#personlogo\",\"inLanguage\":\"pt-BR\",\"url\":\"https:\/\/secure.gravatar.com\/avatar\/9ce3d5303757237045117d3e94d9f8f1?s=96&d=mm&r=g\",\"caption\":\"Morais Tavares\"}}]}<\/script>\r\n<!-- \/ Yoast SEO Premium plugin. -->","_links":{"self":[{"href":"https:\/\/moraistavares.adv.br\/blog\/wp-json\/wp\/v2\/posts\/427"}],"collection":[{"href":"https:\/\/moraistavares.adv.br\/blog\/wp-json\/wp\/v2\/posts"}],"about":[{"href":"https:\/\/moraistavares.adv.br\/blog\/wp-json\/wp\/v2\/types\/post"}],"author":[{"embeddable":true,"href":"https:\/\/moraistavares.adv.br\/blog\/wp-json\/wp\/v2\/users\/1"}],"replies":[{"embeddable":true,"href":"https:\/\/moraistavares.adv.br\/blog\/wp-json\/wp\/v2\/comments?post=427"}],"version-history":[{"count":2,"href":"https:\/\/moraistavares.adv.br\/blog\/wp-json\/wp\/v2\/posts\/427\/revisions"}],"predecessor-version":[{"id":431,"href":"https:\/\/moraistavares.adv.br\/blog\/wp-json\/wp\/v2\/posts\/427\/revisions\/431"}],"wp:featuredmedia":[{"embeddable":true,"href":"https:\/\/moraistavares.adv.br\/blog\/wp-json\/wp\/v2\/media\/428"}],"wp:attachment":[{"href":"https:\/\/moraistavares.adv.br\/blog\/wp-json\/wp\/v2\/media?parent=427"}],"wp:term":[{"taxonomy":"category","embeddable":true,"href":"https:\/\/moraistavares.adv.br\/blog\/wp-json\/wp\/v2\/categories?post=427"},{"taxonomy":"post_tag","embeddable":true,"href":"https:\/\/moraistavares.adv.br\/blog\/wp-json\/wp\/v2\/tags?post=427"}],"curies":[{"name":"wp","href":"https:\/\/api.w.org\/{rel}","templated":true}]}}