{"id":408,"date":"2021-04-14T17:23:14","date_gmt":"2021-04-14T20:23:14","guid":{"rendered":"https:\/\/moraistavares.adv.br\/blog\/?p=408"},"modified":"2021-04-14T17:23:14","modified_gmt":"2021-04-14T20:23:14","slug":"ans-passou-a-determinar-que-as-operadoras-de-planos-de-saude-autorizem-de-forma-imediata-a-realizacao-do-exame-para-covid-19-rt-pcr","status":"publish","type":"post","link":"https:\/\/moraistavares.adv.br\/blog\/ans-passou-a-determinar-que-as-operadoras-de-planos-de-saude-autorizem-de-forma-imediata-a-realizacao-do-exame-para-covid-19-rt-pcr\/","title":{"rendered":"ANS passou a determinar que as operadoras de planos de sa\u00fade autorizem de forma imediata a realiza\u00e7\u00e3o do exame para COVID-19, RT-PCR"},"content":{"rendered":"<p>ANS passou a determinar que as operadoras de planos de sa\u00fade autorizem de forma imediata a realiza\u00e7\u00e3o do exame para COVID-19, RT-PCR.<\/p>\n<p>O exame RT-PCR \u00e9 considerado atualmente o mais preciso para a detec\u00e7\u00e3o do COVID-19.<\/p>\n<p>Em sua determina\u00e7\u00e3o a ANS alterou o prazo de 3 dias que as operadoras de planos de sa\u00fade tinham para autorizar o exame para a autoriza\u00e7\u00e3o imediata, de modo a agilizar o tratamento.<\/p>\n<p>&nbsp;<\/p>\n<p>#covid #covid19 #ans #examertpcr #direitomedicoedasaude #moraistavaresadvogados<\/p>\n","protected":false},"excerpt":{"rendered":"<p>ANS passou a determinar que as operadoras de planos de sa\u00fade autorizem de forma imediata [&hellip;]<\/p>\n","protected":false},"author":1,"featured_media":409,"comment_status":"open","ping_status":"open","sticky":false,"template":"","format":"standard","meta":[],"categories":[50,19],"tags":[164,248,287,101,65],"yoast_head":"<!-- This site is optimized with the Yoast SEO Premium plugin v15.6.2 - https:\/\/yoast.com\/wordpress\/plugins\/seo\/ -->\r\n<title>ANS passou a determinar que as operadoras de planos de sa\u00fade autorizem de forma imediata a realiza\u00e7\u00e3o do exame para COVID-19, RT-PCR - Blog Morais &amp; Tavares Advogados<\/title>\r\n<meta name=\"description\" content=\"A ANS determinou que as operadoras de planos tem sa\u00fade, autorizem imediatamente o exame para Covid-19 RT-PCR, de modo a agilizar o tratamento.\" \/>\r\n<meta name=\"robots\" content=\"index, follow, max-snippet:-1, max-image-preview:large, max-video-preview:-1\" \/>\r\n<link rel=\"canonical\" href=\"https:\/\/moraistavares.adv.br\/blog\/ans-passou-a-determinar-que-as-operadoras-de-planos-de-saude-autorizem-de-forma-imediata-a-realizacao-do-exame-para-covid-19-rt-pcr\/\" \/>\r\n<meta property=\"og:locale\" content=\"pt_BR\" \/>\r\n<meta property=\"og:type\" content=\"article\" \/>\r\n<meta property=\"og:title\" content=\"ANS passou a determinar que as operadoras de planos de sa\u00fade autorizem de forma imediata a realiza\u00e7\u00e3o do exame para COVID-19, RT-PCR - Blog Morais &amp; Tavares Advogados\" \/>\r\n<meta property=\"og:description\" content=\"A ANS determinou que as operadoras de planos tem sa\u00fade, autorizem imediatamente o exame para Covid-19 RT-PCR, de modo a agilizar o tratamento.\" \/>\r\n<meta property=\"og:url\" content=\"https:\/\/moraistavares.adv.br\/blog\/ans-passou-a-determinar-que-as-operadoras-de-planos-de-saude-autorizem-de-forma-imediata-a-realizacao-do-exame-para-covid-19-rt-pcr\/\" \/>\r\n<meta property=\"og:site_name\" content=\"Blog Morais &amp; Tavares Advogados\" \/>\r\n<meta property=\"article:publisher\" content=\"https:\/\/www.facebook.com\/moraistavaresadvogados\/\" \/>\r\n<meta property=\"article:published_time\" content=\"2021-04-14T20:23:14+00:00\" \/>\r\n<meta property=\"og:image\" content=\"https:\/\/moraistavares.adv.br\/blog\/wp-content\/uploads\/2021\/04\/exame-covid.jpg\" \/>\r\n\t<meta property=\"og:image:width\" content=\"1200\" \/>\r\n\t<meta property=\"og:image:height\" content=\"439\" \/>\r\n<meta name=\"twitter:card\" content=\"summary_large_image\" \/>\r\n<meta name=\"twitter:creator\" content=\"@moraisetavares\" \/>\r\n<meta name=\"twitter:site\" content=\"@moraisetavares\" \/>\r\n<meta name=\"twitter:label1\" content=\"Est. reading time\">\n\t<meta name=\"twitter:data1\" content=\"1 minuto\">\r\n<script type=\"application\/ld+json\" class=\"yoast-schema-graph\">{\"@context\":\"https:\/\/schema.org\",\"@graph\":[{\"@type\":\"Organization\",\"@id\":\"https:\/\/moraistavares.adv.br\/blog\/#organization\",\"name\":\"Morais & Tavares Advogados Associados\",\"url\":\"https:\/\/moraistavares.adv.br\/blog\/\",\"sameAs\":[\"https:\/\/www.facebook.com\/moraistavaresadvogados\/\",\"https:\/\/www.instagram.com\/moraistavaresadv\/\",\"https:\/\/www.linkedin.com\/company\/morais-tavares-advogados-associados\/\",\"https:\/\/twitter.com\/moraisetavares\"],\"logo\":{\"@type\":\"ImageObject\",\"@id\":\"https:\/\/moraistavares.adv.br\/blog\/#logo\",\"inLanguage\":\"pt-BR\",\"url\":\"https:\/\/moraistavares.adv.br\/blog\/wp-content\/uploads\/2020\/09\/cropped-logo-morais-e-tavares.png\",\"width\":282,\"height\":110,\"caption\":\"Morais & Tavares Advogados Associados\"},\"image\":{\"@id\":\"https:\/\/moraistavares.adv.br\/blog\/#logo\"}},{\"@type\":\"WebSite\",\"@id\":\"https:\/\/moraistavares.adv.br\/blog\/#website\",\"url\":\"https:\/\/moraistavares.adv.br\/blog\/\",\"name\":\"Blog Morais & Tavares Advogados\",\"description\":\"Not\\u00edcias e Informa\\u00e7\\u00f5es do escrit\\u00f3rio Morais &amp; Tavares Advogados Associados\",\"publisher\":{\"@id\":\"https:\/\/moraistavares.adv.br\/blog\/#organization\"},\"potentialAction\":[{\"@type\":\"SearchAction\",\"target\":\"https:\/\/moraistavares.adv.br\/blog\/?s={search_term_string}\",\"query-input\":\"required name=search_term_string\"}],\"inLanguage\":\"pt-BR\"},{\"@type\":\"ImageObject\",\"@id\":\"https:\/\/moraistavares.adv.br\/blog\/ans-passou-a-determinar-que-as-operadoras-de-planos-de-saude-autorizem-de-forma-imediata-a-realizacao-do-exame-para-covid-19-rt-pcr\/#primaryimage\",\"inLanguage\":\"pt-BR\",\"url\":\"https:\/\/moraistavares.adv.br\/blog\/wp-content\/uploads\/2021\/04\/exame-covid.jpg\",\"width\":1200,\"height\":439,\"caption\":\"ANS passou a determinar que as operadoras de planos de sa\\u00fade autorizem de forma imediata a realiza\\u00e7\\u00e3o do exame para COVID-19, RT-PCR\"},{\"@type\":\"WebPage\",\"@id\":\"https:\/\/moraistavares.adv.br\/blog\/ans-passou-a-determinar-que-as-operadoras-de-planos-de-saude-autorizem-de-forma-imediata-a-realizacao-do-exame-para-covid-19-rt-pcr\/#webpage\",\"url\":\"https:\/\/moraistavares.adv.br\/blog\/ans-passou-a-determinar-que-as-operadoras-de-planos-de-saude-autorizem-de-forma-imediata-a-realizacao-do-exame-para-covid-19-rt-pcr\/\",\"name\":\"ANS passou a determinar que as operadoras de planos de sa\\u00fade autorizem de forma imediata a realiza\\u00e7\\u00e3o do exame para COVID-19, RT-PCR - Blog Morais &amp; Tavares Advogados\",\"isPartOf\":{\"@id\":\"https:\/\/moraistavares.adv.br\/blog\/#website\"},\"primaryImageOfPage\":{\"@id\":\"https:\/\/moraistavares.adv.br\/blog\/ans-passou-a-determinar-que-as-operadoras-de-planos-de-saude-autorizem-de-forma-imediata-a-realizacao-do-exame-para-covid-19-rt-pcr\/#primaryimage\"},\"datePublished\":\"2021-04-14T20:23:14+00:00\",\"dateModified\":\"2021-04-14T20:23:14+00:00\",\"description\":\"A ANS determinou que as operadoras de planos tem sa\\u00fade, autorizem imediatamente o exame para Covid-19 RT-PCR, de modo a agilizar o tratamento.\",\"inLanguage\":\"pt-BR\",\"potentialAction\":[{\"@type\":\"ReadAction\",\"target\":[\"https:\/\/moraistavares.adv.br\/blog\/ans-passou-a-determinar-que-as-operadoras-de-planos-de-saude-autorizem-de-forma-imediata-a-realizacao-do-exame-para-covid-19-rt-pcr\/\"]}]},{\"@type\":\"Article\",\"@id\":\"https:\/\/moraistavares.adv.br\/blog\/ans-passou-a-determinar-que-as-operadoras-de-planos-de-saude-autorizem-de-forma-imediata-a-realizacao-do-exame-para-covid-19-rt-pcr\/#article\",\"isPartOf\":{\"@id\":\"https:\/\/moraistavares.adv.br\/blog\/ans-passou-a-determinar-que-as-operadoras-de-planos-de-saude-autorizem-de-forma-imediata-a-realizacao-do-exame-para-covid-19-rt-pcr\/#webpage\"},\"author\":{\"@id\":\"https:\/\/moraistavares.adv.br\/blog\/#\/schema\/person\/50985d3ae4b2de3d7bfbb05a215e0ff5\"},\"headline\":\"ANS passou a determinar que as operadoras de planos de sa\\u00fade autorizem de forma imediata a realiza\\u00e7\\u00e3o do exame para COVID-19, RT-PCR\",\"datePublished\":\"2021-04-14T20:23:14+00:00\",\"dateModified\":\"2021-04-14T20:23:14+00:00\",\"mainEntityOfPage\":{\"@id\":\"https:\/\/moraistavares.adv.br\/blog\/ans-passou-a-determinar-que-as-operadoras-de-planos-de-saude-autorizem-de-forma-imediata-a-realizacao-do-exame-para-covid-19-rt-pcr\/#webpage\"},\"commentCount\":0,\"publisher\":{\"@id\":\"https:\/\/moraistavares.adv.br\/blog\/#organization\"},\"image\":{\"@id\":\"https:\/\/moraistavares.adv.br\/blog\/ans-passou-a-determinar-que-as-operadoras-de-planos-de-saude-autorizem-de-forma-imediata-a-realizacao-do-exame-para-covid-19-rt-pcr\/#primaryimage\"},\"keywords\":\"advogadodireitomedico,covid-19,examertpcr,moraistavaresadvogados,Pandemia\",\"articleSection\":\"COVID19,Direito M\\u00e9dico\",\"inLanguage\":\"pt-BR\",\"potentialAction\":[{\"@type\":\"CommentAction\",\"name\":\"Comment\",\"target\":[\"https:\/\/moraistavares.adv.br\/blog\/ans-passou-a-determinar-que-as-operadoras-de-planos-de-saude-autorizem-de-forma-imediata-a-realizacao-do-exame-para-covid-19-rt-pcr\/#respond\"]}]},{\"@type\":\"Person\",\"@id\":\"https:\/\/moraistavares.adv.br\/blog\/#\/schema\/person\/50985d3ae4b2de3d7bfbb05a215e0ff5\",\"name\":\"Morais Tavares\",\"image\":{\"@type\":\"ImageObject\",\"@id\":\"https:\/\/moraistavares.adv.br\/blog\/#personlogo\",\"inLanguage\":\"pt-BR\",\"url\":\"https:\/\/secure.gravatar.com\/avatar\/9ce3d5303757237045117d3e94d9f8f1?s=96&d=mm&r=g\",\"caption\":\"Morais Tavares\"}}]}<\/script>\r\n<!-- \/ Yoast SEO Premium plugin. -->","_links":{"self":[{"href":"https:\/\/moraistavares.adv.br\/blog\/wp-json\/wp\/v2\/posts\/408"}],"collection":[{"href":"https:\/\/moraistavares.adv.br\/blog\/wp-json\/wp\/v2\/posts"}],"about":[{"href":"https:\/\/moraistavares.adv.br\/blog\/wp-json\/wp\/v2\/types\/post"}],"author":[{"embeddable":true,"href":"https:\/\/moraistavares.adv.br\/blog\/wp-json\/wp\/v2\/users\/1"}],"replies":[{"embeddable":true,"href":"https:\/\/moraistavares.adv.br\/blog\/wp-json\/wp\/v2\/comments?post=408"}],"version-history":[{"count":1,"href":"https:\/\/moraistavares.adv.br\/blog\/wp-json\/wp\/v2\/posts\/408\/revisions"}],"predecessor-version":[{"id":410,"href":"https:\/\/moraistavares.adv.br\/blog\/wp-json\/wp\/v2\/posts\/408\/revisions\/410"}],"wp:featuredmedia":[{"embeddable":true,"href":"https:\/\/moraistavares.adv.br\/blog\/wp-json\/wp\/v2\/media\/409"}],"wp:attachment":[{"href":"https:\/\/moraistavares.adv.br\/blog\/wp-json\/wp\/v2\/media?parent=408"}],"wp:term":[{"taxonomy":"category","embeddable":true,"href":"https:\/\/moraistavares.adv.br\/blog\/wp-json\/wp\/v2\/categories?post=408"},{"taxonomy":"post_tag","embeddable":true,"href":"https:\/\/moraistavares.adv.br\/blog\/wp-json\/wp\/v2\/tags?post=408"}],"curies":[{"name":"wp","href":"https:\/\/api.w.org\/{rel}","templated":true}]}}