{"id":361,"date":"2021-02-09T11:29:38","date_gmt":"2021-02-09T13:29:38","guid":{"rendered":"https:\/\/moraistavares.adv.br\/blog\/?p=361"},"modified":"2021-02-09T11:29:38","modified_gmt":"2021-02-09T13:29:38","slug":"novos-prazos-para-o-inss-analisar-beneficios","status":"publish","type":"post","link":"https:\/\/moraistavares.adv.br\/blog\/novos-prazos-para-o-inss-analisar-beneficios\/","title":{"rendered":"Novos Prazos para o INSS Analisar Benef\u00edcios"},"content":{"rendered":"<h5>Novos Prazos para o INSS Analisar Benef\u00edcios<\/h5>\r\n<p>O STF homologou unanimemente, um acordo que estabelece novos prazos, de 30 a 90 dias, para que o INSS analise pedidos de benef\u00edcios assistenciais, com o objetivo de zerar a fila de espera. Pelo acordo, tem vig\u00eancia de dois anos, traz tamb\u00e9m prazo m\u00e1ximo de 45 dias para a realiza\u00e7\u00e3o de per\u00edcia m\u00e9dica e de avalia\u00e7\u00e3o social.<\/p>\r\n<p>Em caso de descumprimento de qualquer dos prazos previstos no acordo, uma Central Unificada de Cumprimento Emergencial de Prazos, formada por membros de INSS, Minist\u00e9rio P\u00fablico Federal e Defensoria P\u00fablica da Uni\u00e3o, deve dar uma solu\u00e7\u00e3o para o requerimento do benef\u00edcio em no m\u00e1ximo dez dias.<\/p>\r\n<p><strong>Confira abaixo os prazos novos prazos para an\u00e1lise da concess\u00e3o de aux\u00edlios e benef\u00edcios: <\/strong><\/p>\r\n<p><strong>&#8211; 90 dias: Benef\u00edcio assistencial \u00e0 pessoa com defici\u00eancia \/ Idoso; Aposentadorias, salvo por invalidez;<\/strong><\/p>\r\n<p><strong>&#8211; 60 dias: Pens\u00e3o por morte; Aux\u00edlio reclus\u00e3o; Aux\u00edlio acidente;<\/strong><\/p>\r\n<p><strong>&#8211; 45 dias: Aposentadoria por incapacidade permanente ou tempor\u00e1ria;<\/strong><\/p>\r\n<p><strong>&#8211; 30 dias: Sal\u00e1rio maternidade.<\/strong> \u2800<\/p>\r\n<p>&nbsp;<\/p>\r\n<p><strong>FONTE:<\/strong> <a href=\"https:\/\/agenciabrasil.ebc.com.br\/justica\/noticia\/2021-02\/stf-confirma-acordo-com-novos-prazos-para-inss-analisar-beneficios#:~:text=O%20Supremo%20Tribunal%20Federal%20(STF,se%20adaptar%20%C3%A0s%20novas%20regras.\" target=\"_blank\" rel=\"noopener\">Ag\u00eancia Brasil<\/a>.<\/p>\r\n<p><strong>Redes sociais:<\/strong> <a href=\"https:\/\/www.instagram.com\/moraistavaresadv\/\" target=\"_blank\" rel=\"noreferrer noopener\" aria-label=\"Instagam (abre numa nova aba)\">Instagam<\/a> &#8211; <a href=\"https:\/\/www.facebook.com\/moraistavaresadvogados\/\" target=\"_blank\" rel=\"noreferrer noopener\" aria-label=\"FaceBook (abre numa nova aba)\">FaceBook<\/a> &#8211; <a href=\"https:\/\/twitter.com\/moraisetavares\/\" target=\"_blank\" rel=\"noreferrer noopener\" aria-label=\"Twitter (abre numa nova aba)\">Twitter<\/a> &#8211; <a href=\"https:\/\/www.linkedin.com\/company\/morais-tavares-advogados-associados\/\" target=\"_blank\" rel=\"noreferrer noopener\" aria-label=\"Linkedin (abre numa nova aba)\">Linkedin<\/a><\/p>\r\n<!-- \/wp:paragraph -->\r\n\r\n<!-- wp:paragraph -->\r\n<p><strong><a href=\"https:\/\/moraistavares.adv.br\/app-escritorio-morais-e-tavares\/\" target=\"_blank\" rel=\"noreferrer noopener\">App do escrit\u00f3rio.<\/a><\/strong><\/p>\r\n<p><strong>E-mail:<\/strong> <a href=\"mailto:atendimento@moraistavares.adv.br\" target=\"_blank\" rel=\"noopener\">atendimento@moraistavares.adv.br<\/a><\/p>\r\n<p>&nbsp;<\/p>\r\n<p>#novaprevidencia\u00a0 #direitoprevidenciario\u00a0 #inss<\/p>","protected":false},"excerpt":{"rendered":"<p>Novos Prazos para o INSS Analisar Benef\u00edcios O STF homologou unanimemente, um acordo que estabelece [&hellip;]<\/p>\n","protected":false},"author":1,"featured_media":364,"comment_status":"open","ping_status":"open","sticky":false,"template":"","format":"standard","meta":[],"categories":[179],"tags":[264,265,263,180,18,9,78,101,79,262],"yoast_head":"<!-- This site is optimized with the Yoast SEO Premium plugin v15.6.2 - https:\/\/yoast.com\/wordpress\/plugins\/seo\/ -->\r\n<title>Novos Prazos para o INSS Analisar Benef\u00edcios - Blog Morais &amp; Tavares Advogados<\/title>\r\n<meta name=\"description\" content=\"O Supremo Tribunal Federal homologou, acordo que estabelece novos prazos, de 30 a 90 dias, para que o INSS para analise pedidos de benef\u00edcios assistenciais.\" \/>\r\n<meta name=\"robots\" content=\"index, follow, max-snippet:-1, max-image-preview:large, max-video-preview:-1\" \/>\r\n<link rel=\"canonical\" href=\"https:\/\/moraistavares.adv.br\/blog\/novos-prazos-para-o-inss-analisar-beneficios\/\" \/>\r\n<meta property=\"og:locale\" content=\"pt_BR\" \/>\r\n<meta property=\"og:type\" content=\"article\" \/>\r\n<meta property=\"og:title\" content=\"Novos Prazos para o INSS Analisar Benef\u00edcios - Blog Morais &amp; Tavares Advogados\" \/>\r\n<meta property=\"og:description\" content=\"O Supremo Tribunal Federal homologou, acordo que estabelece novos prazos, de 30 a 90 dias, para que o INSS para analise pedidos de benef\u00edcios assistenciais.\" \/>\r\n<meta property=\"og:url\" content=\"https:\/\/moraistavares.adv.br\/blog\/novos-prazos-para-o-inss-analisar-beneficios\/\" \/>\r\n<meta property=\"og:site_name\" content=\"Blog Morais &amp; Tavares Advogados\" \/>\r\n<meta property=\"article:publisher\" content=\"https:\/\/www.facebook.com\/moraistavaresadvogados\/\" \/>\r\n<meta property=\"article:published_time\" content=\"2021-02-09T13:29:38+00:00\" \/>\r\n<meta property=\"og:image\" content=\"https:\/\/moraistavares.adv.br\/blog\/wp-content\/uploads\/2021\/02\/prazos-inss.jpg\" \/>\r\n\t<meta property=\"og:image:width\" content=\"1200\" \/>\r\n\t<meta property=\"og:image:height\" content=\"439\" \/>\r\n<meta name=\"twitter:card\" content=\"summary_large_image\" \/>\r\n<meta name=\"twitter:creator\" content=\"@moraisetavares\" \/>\r\n<meta name=\"twitter:site\" content=\"@moraisetavares\" \/>\r\n<meta name=\"twitter:label1\" content=\"Est. reading time\">\n\t<meta name=\"twitter:data1\" content=\"1 minuto\">\r\n<script type=\"application\/ld+json\" class=\"yoast-schema-graph\">{\"@context\":\"https:\/\/schema.org\",\"@graph\":[{\"@type\":\"Organization\",\"@id\":\"https:\/\/moraistavares.adv.br\/blog\/#organization\",\"name\":\"Morais & Tavares Advogados Associados\",\"url\":\"https:\/\/moraistavares.adv.br\/blog\/\",\"sameAs\":[\"https:\/\/www.facebook.com\/moraistavaresadvogados\/\",\"https:\/\/www.instagram.com\/moraistavaresadv\/\",\"https:\/\/www.linkedin.com\/company\/morais-tavares-advogados-associados\/\",\"https:\/\/twitter.com\/moraisetavares\"],\"logo\":{\"@type\":\"ImageObject\",\"@id\":\"https:\/\/moraistavares.adv.br\/blog\/#logo\",\"inLanguage\":\"pt-BR\",\"url\":\"https:\/\/moraistavares.adv.br\/blog\/wp-content\/uploads\/2020\/09\/cropped-logo-morais-e-tavares.png\",\"width\":282,\"height\":110,\"caption\":\"Morais & Tavares Advogados Associados\"},\"image\":{\"@id\":\"https:\/\/moraistavares.adv.br\/blog\/#logo\"}},{\"@type\":\"WebSite\",\"@id\":\"https:\/\/moraistavares.adv.br\/blog\/#website\",\"url\":\"https:\/\/moraistavares.adv.br\/blog\/\",\"name\":\"Blog Morais & Tavares Advogados\",\"description\":\"Not\\u00edcias e Informa\\u00e7\\u00f5es do escrit\\u00f3rio Morais &amp; Tavares Advogados Associados\",\"publisher\":{\"@id\":\"https:\/\/moraistavares.adv.br\/blog\/#organization\"},\"potentialAction\":[{\"@type\":\"SearchAction\",\"target\":\"https:\/\/moraistavares.adv.br\/blog\/?s={search_term_string}\",\"query-input\":\"required name=search_term_string\"}],\"inLanguage\":\"pt-BR\"},{\"@type\":\"ImageObject\",\"@id\":\"https:\/\/moraistavares.adv.br\/blog\/novos-prazos-para-o-inss-analisar-beneficios\/#primaryimage\",\"inLanguage\":\"pt-BR\",\"url\":\"https:\/\/moraistavares.adv.br\/blog\/wp-content\/uploads\/2021\/02\/prazos-inss.jpg\",\"width\":1200,\"height\":439},{\"@type\":\"WebPage\",\"@id\":\"https:\/\/moraistavares.adv.br\/blog\/novos-prazos-para-o-inss-analisar-beneficios\/#webpage\",\"url\":\"https:\/\/moraistavares.adv.br\/blog\/novos-prazos-para-o-inss-analisar-beneficios\/\",\"name\":\"Novos Prazos para o INSS Analisar Benef\\u00edcios - Blog Morais &amp; Tavares Advogados\",\"isPartOf\":{\"@id\":\"https:\/\/moraistavares.adv.br\/blog\/#website\"},\"primaryImageOfPage\":{\"@id\":\"https:\/\/moraistavares.adv.br\/blog\/novos-prazos-para-o-inss-analisar-beneficios\/#primaryimage\"},\"datePublished\":\"2021-02-09T13:29:38+00:00\",\"dateModified\":\"2021-02-09T13:29:38+00:00\",\"description\":\"O Supremo Tribunal Federal homologou, acordo que estabelece novos prazos, de 30 a 90 dias, para que o INSS para analise pedidos de benef\\u00edcios assistenciais.\",\"inLanguage\":\"pt-BR\",\"potentialAction\":[{\"@type\":\"ReadAction\",\"target\":[\"https:\/\/moraistavares.adv.br\/blog\/novos-prazos-para-o-inss-analisar-beneficios\/\"]}]},{\"@type\":\"Article\",\"@id\":\"https:\/\/moraistavares.adv.br\/blog\/novos-prazos-para-o-inss-analisar-beneficios\/#article\",\"isPartOf\":{\"@id\":\"https:\/\/moraistavares.adv.br\/blog\/novos-prazos-para-o-inss-analisar-beneficios\/#webpage\"},\"author\":{\"@id\":\"https:\/\/moraistavares.adv.br\/blog\/#\/schema\/person\/50985d3ae4b2de3d7bfbb05a215e0ff5\"},\"headline\":\"Novos Prazos para o INSS Analisar Benef\\u00edcios\",\"datePublished\":\"2021-02-09T13:29:38+00:00\",\"dateModified\":\"2021-02-09T13:29:38+00:00\",\"mainEntityOfPage\":{\"@id\":\"https:\/\/moraistavares.adv.br\/blog\/novos-prazos-para-o-inss-analisar-beneficios\/#webpage\"},\"commentCount\":0,\"publisher\":{\"@id\":\"https:\/\/moraistavares.adv.br\/blog\/#organization\"},\"image\":{\"@id\":\"https:\/\/moraistavares.adv.br\/blog\/novos-prazos-para-o-inss-analisar-beneficios\/#primaryimage\"},\"keywords\":\"advogadodireitoprevidenciario,advogadodireitoprevidenciariojuizdefora,direitoprevidenciario,inss,moraisetavares,moraistavares,moraistavaresadv,moraistavaresadvogados,moraoraistavaresadvogados,novaprevidencia\",\"articleSection\":\"Direito Previdenci\\u00e1rio\",\"inLanguage\":\"pt-BR\",\"potentialAction\":[{\"@type\":\"CommentAction\",\"name\":\"Comment\",\"target\":[\"https:\/\/moraistavares.adv.br\/blog\/novos-prazos-para-o-inss-analisar-beneficios\/#respond\"]}]},{\"@type\":\"Person\",\"@id\":\"https:\/\/moraistavares.adv.br\/blog\/#\/schema\/person\/50985d3ae4b2de3d7bfbb05a215e0ff5\",\"name\":\"Morais Tavares\",\"image\":{\"@type\":\"ImageObject\",\"@id\":\"https:\/\/moraistavares.adv.br\/blog\/#personlogo\",\"inLanguage\":\"pt-BR\",\"url\":\"https:\/\/secure.gravatar.com\/avatar\/9ce3d5303757237045117d3e94d9f8f1?s=96&d=mm&r=g\",\"caption\":\"Morais Tavares\"}}]}<\/script>\r\n<!-- \/ Yoast SEO Premium plugin. -->","_links":{"self":[{"href":"https:\/\/moraistavares.adv.br\/blog\/wp-json\/wp\/v2\/posts\/361"}],"collection":[{"href":"https:\/\/moraistavares.adv.br\/blog\/wp-json\/wp\/v2\/posts"}],"about":[{"href":"https:\/\/moraistavares.adv.br\/blog\/wp-json\/wp\/v2\/types\/post"}],"author":[{"embeddable":true,"href":"https:\/\/moraistavares.adv.br\/blog\/wp-json\/wp\/v2\/users\/1"}],"replies":[{"embeddable":true,"href":"https:\/\/moraistavares.adv.br\/blog\/wp-json\/wp\/v2\/comments?post=361"}],"version-history":[{"count":4,"href":"https:\/\/moraistavares.adv.br\/blog\/wp-json\/wp\/v2\/posts\/361\/revisions"}],"predecessor-version":[{"id":366,"href":"https:\/\/moraistavares.adv.br\/blog\/wp-json\/wp\/v2\/posts\/361\/revisions\/366"}],"wp:featuredmedia":[{"embeddable":true,"href":"https:\/\/moraistavares.adv.br\/blog\/wp-json\/wp\/v2\/media\/364"}],"wp:attachment":[{"href":"https:\/\/moraistavares.adv.br\/blog\/wp-json\/wp\/v2\/media?parent=361"}],"wp:term":[{"taxonomy":"category","embeddable":true,"href":"https:\/\/moraistavares.adv.br\/blog\/wp-json\/wp\/v2\/categories?post=361"},{"taxonomy":"post_tag","embeddable":true,"href":"https:\/\/moraistavares.adv.br\/blog\/wp-json\/wp\/v2\/tags?post=361"}],"curies":[{"name":"wp","href":"https:\/\/api.w.org\/{rel}","templated":true}]}}