{"id":213,"date":"2020-12-22T21:55:13","date_gmt":"2020-12-22T23:55:13","guid":{"rendered":"https:\/\/moraistavares.adv.br\/blog\/?p=213"},"modified":"2020-12-25T20:45:37","modified_gmt":"2020-12-25T22:45:37","slug":"diagnostico-medico-errado-gera-indenizacao","status":"publish","type":"post","link":"https:\/\/moraistavares.adv.br\/blog\/diagnostico-medico-errado-gera-indenizacao\/","title":{"rendered":"Diagn\u00f3stico m\u00e9dico errado gera indeniza\u00e7\u00e3o"},"content":{"rendered":"<h3>Diagn\u00f3stico m\u00e9dico errado gera indeniza\u00e7\u00e3o<\/h3>\n<p>Um paciente ter\u00e1 que ser indenizado em mais de R$ 20 mil por danos morais e materiais, a serem pagos pela Irmandade Santa Casa Miseric\u00f3rdia de Muzambinho. A decis\u00e3o \u00e9 da 12\u00aa C\u00e2mara C\u00edvel do Tribunal de Justi\u00e7a de Minas Gerais.<\/p>\n<p>O homem deu entrada no hospital se queixando de dores no ombro e foi diagnosticado com deslocamento da clav\u00edcula, quando, na verdade, apresentava quadro convulsivo. Ele buscou a Justi\u00e7a alegando erro m\u00e9dico grav\u00edssimo.<\/p>\n<p>A Vara \u00danica da Comarca de Muzambinho condenou a Santa Casa a indenizar o homem por danos morais. As duas partes recorreram.<\/p>\n<p>O paciente alegou que seus gastos com medicamentos deveriam ser ressarcidos e pediu majora\u00e7\u00e3o do montante indenizat\u00f3rio para R$ 50 mil. J\u00e1 o hospital alegou que o servi\u00e7o prestado foi suficiente, n\u00e3o havendo dever de indenizar.<\/p>\n<p>O relator do caso, Saldanha da Fonseca, argumentou que o aumento do valor da indeniza\u00e7\u00e3o n\u00e3o \u00e9 devido, pois \u2018\u2019o argumento do paciente de que teria sido v\u00edtima de erro m\u00e9dico grave n\u00e3o se coaduna com a prova pericial e conclus\u00e3o externada de les\u00e3o de natureza leve\u2019\u2019.<\/p>\n<p>Ele acrescentou que, de acordo com as provas periciais, houve falha na presta\u00e7\u00e3o de servi\u00e7os do hospital, que deu ao paciente um diagn\u00f3stico errado, legitimando seu dever de indeniz\u00e1-lo por danos morais e materiais.<br \/>\nO magistrado deu parcial provimento ao recurso, apenas para adicionar \u00e0 indeniza\u00e7\u00e3o os valores gastos com a compra de rem\u00e9dios. Ele foi acompanhado pelo desembargador Domingos Coelho e do juiz convocado para atuar como desembargador Habib Felippe Jabour.<\/p>\n<p><strong>Acesse nosso site:<\/strong> <a href=\"https:\/\/moraistavares.adv.br\" target=\"_blank\" rel=\"noopener\">moraistavares.adv.br<\/a><\/p>\n<p><strong>Fonte:<\/strong> <a href=\"https:\/\/www.tjmg.jus.br\/portal-tjmg\/\" target=\"_blank\" rel=\"noopener\">TJMG<\/a><\/p>\n","protected":false},"excerpt":{"rendered":"<p>Diagn\u00f3stico m\u00e9dico errado gera indeniza\u00e7\u00e3o Um paciente ter\u00e1 que ser indenizado em mais de R$ [&hellip;]<\/p>\n","protected":false},"author":1,"featured_media":214,"comment_status":"open","ping_status":"open","sticky":false,"template":"","format":"standard","meta":[],"categories":[19],"tags":[205,211,106,164,210,138,140,18,9,78,101],"yoast_head":"<!-- This site is optimized with the Yoast SEO Premium plugin v15.6.2 - https:\/\/yoast.com\/wordpress\/plugins\/seo\/ -->\r\n<title>Diagn\u00f3stico m\u00e9dico errado gera indeniza\u00e7\u00e3o - Blog Morais &amp; Tavares Advogados<\/title>\r\n<meta name=\"description\" content=\"direito m\u00e9dico, advogado direito m\u00e9dico juiz de fora, advogado direito m\u00e9dico belo horizonte, erro m\u00e9dico juiz de fora, erro m\u00e9dico bh\" \/>\r\n<meta name=\"robots\" content=\"index, follow, max-snippet:-1, max-image-preview:large, max-video-preview:-1\" \/>\r\n<link rel=\"canonical\" href=\"https:\/\/moraistavares.adv.br\/blog\/diagnostico-medico-errado-gera-indenizacao\/\" \/>\r\n<meta property=\"og:locale\" content=\"pt_BR\" \/>\r\n<meta property=\"og:type\" content=\"article\" \/>\r\n<meta property=\"og:title\" content=\"Diagn\u00f3stico m\u00e9dico errado gera indeniza\u00e7\u00e3o - Blog Morais &amp; Tavares Advogados\" \/>\r\n<meta property=\"og:description\" content=\"direito m\u00e9dico, advogado direito m\u00e9dico juiz de fora, advogado direito m\u00e9dico belo horizonte, erro m\u00e9dico juiz de fora, erro m\u00e9dico bh\" \/>\r\n<meta property=\"og:url\" content=\"https:\/\/moraistavares.adv.br\/blog\/diagnostico-medico-errado-gera-indenizacao\/\" \/>\r\n<meta property=\"og:site_name\" content=\"Blog Morais &amp; Tavares Advogados\" \/>\r\n<meta property=\"article:publisher\" content=\"https:\/\/www.facebook.com\/moraistavaresadvogados\/\" \/>\r\n<meta property=\"article:published_time\" content=\"2020-12-22T23:55:13+00:00\" \/>\r\n<meta property=\"article:modified_time\" content=\"2020-12-25T22:45:37+00:00\" \/>\r\n<meta property=\"og:image\" content=\"https:\/\/moraistavares.adv.br\/blog\/wp-content\/uploads\/2020\/12\/diagnostico-medico.jpg\" \/>\r\n\t<meta property=\"og:image:width\" content=\"2050\" \/>\r\n\t<meta property=\"og:image:height\" content=\"750\" \/>\r\n<meta name=\"twitter:card\" content=\"summary_large_image\" \/>\r\n<meta name=\"twitter:creator\" content=\"@moraisetavares\" \/>\r\n<meta name=\"twitter:site\" content=\"@moraisetavares\" \/>\r\n<meta name=\"twitter:label1\" content=\"Est. reading time\">\n\t<meta name=\"twitter:data1\" content=\"1 minuto\">\r\n<script type=\"application\/ld+json\" class=\"yoast-schema-graph\">{\"@context\":\"https:\/\/schema.org\",\"@graph\":[{\"@type\":\"Organization\",\"@id\":\"https:\/\/moraistavares.adv.br\/blog\/#organization\",\"name\":\"Morais & Tavares Advogados Associados\",\"url\":\"https:\/\/moraistavares.adv.br\/blog\/\",\"sameAs\":[\"https:\/\/www.facebook.com\/moraistavaresadvogados\/\",\"https:\/\/www.instagram.com\/moraistavaresadv\/\",\"https:\/\/www.linkedin.com\/company\/morais-tavares-advogados-associados\/\",\"https:\/\/twitter.com\/moraisetavares\"],\"logo\":{\"@type\":\"ImageObject\",\"@id\":\"https:\/\/moraistavares.adv.br\/blog\/#logo\",\"inLanguage\":\"pt-BR\",\"url\":\"https:\/\/moraistavares.adv.br\/blog\/wp-content\/uploads\/2020\/09\/cropped-logo-morais-e-tavares.png\",\"width\":282,\"height\":110,\"caption\":\"Morais & Tavares Advogados Associados\"},\"image\":{\"@id\":\"https:\/\/moraistavares.adv.br\/blog\/#logo\"}},{\"@type\":\"WebSite\",\"@id\":\"https:\/\/moraistavares.adv.br\/blog\/#website\",\"url\":\"https:\/\/moraistavares.adv.br\/blog\/\",\"name\":\"Blog Morais & Tavares Advogados\",\"description\":\"Not\\u00edcias e Informa\\u00e7\\u00f5es do escrit\\u00f3rio Morais &amp; Tavares Advogados Associados\",\"publisher\":{\"@id\":\"https:\/\/moraistavares.adv.br\/blog\/#organization\"},\"potentialAction\":[{\"@type\":\"SearchAction\",\"target\":\"https:\/\/moraistavares.adv.br\/blog\/?s={search_term_string}\",\"query-input\":\"required name=search_term_string\"}],\"inLanguage\":\"pt-BR\"},{\"@type\":\"ImageObject\",\"@id\":\"https:\/\/moraistavares.adv.br\/blog\/diagnostico-medico-errado-gera-indenizacao\/#primaryimage\",\"inLanguage\":\"pt-BR\",\"url\":\"https:\/\/moraistavares.adv.br\/blog\/wp-content\/uploads\/2020\/12\/diagnostico-medico.jpg\",\"width\":2050,\"height\":750,\"caption\":\"Diagn\\u00f3stico m\\u00e9dico errado gera indeniza\\u00e7\\u00e3o\"},{\"@type\":\"WebPage\",\"@id\":\"https:\/\/moraistavares.adv.br\/blog\/diagnostico-medico-errado-gera-indenizacao\/#webpage\",\"url\":\"https:\/\/moraistavares.adv.br\/blog\/diagnostico-medico-errado-gera-indenizacao\/\",\"name\":\"Diagn\\u00f3stico m\\u00e9dico errado gera indeniza\\u00e7\\u00e3o - Blog Morais &amp; Tavares Advogados\",\"isPartOf\":{\"@id\":\"https:\/\/moraistavares.adv.br\/blog\/#website\"},\"primaryImageOfPage\":{\"@id\":\"https:\/\/moraistavares.adv.br\/blog\/diagnostico-medico-errado-gera-indenizacao\/#primaryimage\"},\"datePublished\":\"2020-12-22T23:55:13+00:00\",\"dateModified\":\"2020-12-25T22:45:37+00:00\",\"description\":\"direito m\\u00e9dico, advogado direito m\\u00e9dico juiz de fora, advogado direito m\\u00e9dico belo horizonte, erro m\\u00e9dico juiz de fora, erro m\\u00e9dico bh\",\"inLanguage\":\"pt-BR\",\"potentialAction\":[{\"@type\":\"ReadAction\",\"target\":[\"https:\/\/moraistavares.adv.br\/blog\/diagnostico-medico-errado-gera-indenizacao\/\"]}]},{\"@type\":\"Article\",\"@id\":\"https:\/\/moraistavares.adv.br\/blog\/diagnostico-medico-errado-gera-indenizacao\/#article\",\"isPartOf\":{\"@id\":\"https:\/\/moraistavares.adv.br\/blog\/diagnostico-medico-errado-gera-indenizacao\/#webpage\"},\"author\":{\"@id\":\"https:\/\/moraistavares.adv.br\/blog\/#\/schema\/person\/50985d3ae4b2de3d7bfbb05a215e0ff5\"},\"headline\":\"Diagn\\u00f3stico m\\u00e9dico errado gera indeniza\\u00e7\\u00e3o\",\"datePublished\":\"2020-12-22T23:55:13+00:00\",\"dateModified\":\"2020-12-25T22:45:37+00:00\",\"mainEntityOfPage\":{\"@id\":\"https:\/\/moraistavares.adv.br\/blog\/diagnostico-medico-errado-gera-indenizacao\/#webpage\"},\"commentCount\":0,\"publisher\":{\"@id\":\"https:\/\/moraistavares.adv.br\/blog\/#organization\"},\"image\":{\"@id\":\"https:\/\/moraistavares.adv.br\/blog\/diagnostico-medico-errado-gera-indenizacao\/#primaryimage\"},\"keywords\":\"advogadobelohorizonte,advogadobh,advogadodireitofamiliajuizdefora,advogadodireitomedico,advogadodireitomedicobelohorizonte,direitomedico,direitomedicoedasaude,moraisetavares,moraistavares,moraistavaresadv,moraistavaresadvogados\",\"articleSection\":\"Direito M\\u00e9dico\",\"inLanguage\":\"pt-BR\",\"potentialAction\":[{\"@type\":\"CommentAction\",\"name\":\"Comment\",\"target\":[\"https:\/\/moraistavares.adv.br\/blog\/diagnostico-medico-errado-gera-indenizacao\/#respond\"]}]},{\"@type\":\"Person\",\"@id\":\"https:\/\/moraistavares.adv.br\/blog\/#\/schema\/person\/50985d3ae4b2de3d7bfbb05a215e0ff5\",\"name\":\"Morais Tavares\",\"image\":{\"@type\":\"ImageObject\",\"@id\":\"https:\/\/moraistavares.adv.br\/blog\/#personlogo\",\"inLanguage\":\"pt-BR\",\"url\":\"https:\/\/secure.gravatar.com\/avatar\/9ce3d5303757237045117d3e94d9f8f1?s=96&d=mm&r=g\",\"caption\":\"Morais Tavares\"}}]}<\/script>\r\n<!-- \/ Yoast SEO Premium plugin. -->","_links":{"self":[{"href":"https:\/\/moraistavares.adv.br\/blog\/wp-json\/wp\/v2\/posts\/213"}],"collection":[{"href":"https:\/\/moraistavares.adv.br\/blog\/wp-json\/wp\/v2\/posts"}],"about":[{"href":"https:\/\/moraistavares.adv.br\/blog\/wp-json\/wp\/v2\/types\/post"}],"author":[{"embeddable":true,"href":"https:\/\/moraistavares.adv.br\/blog\/wp-json\/wp\/v2\/users\/1"}],"replies":[{"embeddable":true,"href":"https:\/\/moraistavares.adv.br\/blog\/wp-json\/wp\/v2\/comments?post=213"}],"version-history":[{"count":2,"href":"https:\/\/moraistavares.adv.br\/blog\/wp-json\/wp\/v2\/posts\/213\/revisions"}],"predecessor-version":[{"id":255,"href":"https:\/\/moraistavares.adv.br\/blog\/wp-json\/wp\/v2\/posts\/213\/revisions\/255"}],"wp:featuredmedia":[{"embeddable":true,"href":"https:\/\/moraistavares.adv.br\/blog\/wp-json\/wp\/v2\/media\/214"}],"wp:attachment":[{"href":"https:\/\/moraistavares.adv.br\/blog\/wp-json\/wp\/v2\/media?parent=213"}],"wp:term":[{"taxonomy":"category","embeddable":true,"href":"https:\/\/moraistavares.adv.br\/blog\/wp-json\/wp\/v2\/categories?post=213"},{"taxonomy":"post_tag","embeddable":true,"href":"https:\/\/moraistavares.adv.br\/blog\/wp-json\/wp\/v2\/tags?post=213"}],"curies":[{"name":"wp","href":"https:\/\/api.w.org\/{rel}","templated":true}]}}