{"id":167,"date":"2020-10-25T16:49:52","date_gmt":"2020-10-25T18:49:52","guid":{"rendered":"https:\/\/moraistavares.adv.br\/blog\/?p=167"},"modified":"2020-10-25T17:00:40","modified_gmt":"2020-10-25T19:00:40","slug":"inss-65-profissoes-que-tem-direito-a-aposentadoria-especial","status":"publish","type":"post","link":"https:\/\/moraistavares.adv.br\/blog\/inss-65-profissoes-que-tem-direito-a-aposentadoria-especial\/","title":{"rendered":"INSS: 65 profiss\u00f5es que tem direito a aposentadoria especial"},"content":{"rendered":"\n<p>\nQuem n\u00e3o sonha em se aposentar, descansar, viajar, ficar de pernas pro \nar, curtir a vida. Para muita gente, essa hora de lazer j\u00e1 est\u00e1 \nchegando, para outros, ainda vai demorar.<\/p>\n\n\n\n<p>A aposentadoria \u00e9 o \ndireito de uma pessoa que depois de trabalhar por um determinado tempo, \npoder\u00e1 a curtir a vida de forma remunerada depois que dedicou anos \u00e0 uma\n profiss\u00e3o.<\/p>\n\n\n\n<p>S\u00e3o diferentes tipos de aposentadoria, que as vezes \nvoc\u00ea tenha direito e n\u00e3o sabe. Para voc\u00ea ficar por dentro e saber se tem\n direito a uma aposentadoria especial, acompanhe o texto a seguir.<\/p>\n\n\n\n<p>Existem\n diferentes tipos de aposentadoria, uma delas \u00e9 destinada para quem \nexerceu atividades que foram prejudiciais \u00e0 sua sa\u00fade ou \u00e0 sua \nintegridade f\u00edsica. Para estas pessoas existe a aposentadoria especial.<\/p>\n\n\n\n<h4>O que \u00e9 Aposentadoria Especial?<\/h4>\n\n\n\n<p>\u00c9 destinada para o trabalhador que exerce sua atividade em condi\u00e7\u00f5es que v\u00e3o prejudicar sua sa\u00fade ou a sua integridade f\u00edsica.<\/p>\n\n\n\n<p>Quem\n lidou com agentes que foram nocivos, que causaram algum tipo de \npreju\u00edzo para sua sa\u00fade e a integridade f\u00edsica ao longo dos anos.<\/p>\n\n\n\n<h4>O que \u00e9 profiss\u00e3o insalubre?<\/h4>\n\n\n\n<p>Quando o trabalhador fica exposto a fatores de risco que s\u00e3o nocivos \u00e0 sua sa\u00fade:<\/p>\n\n\n\n<p>calor excessivo;<\/p>\n\n\n\n<p>ru\u00eddo;<\/p>\n\n\n\n<p>contato ou exposi\u00e7\u00e3o a produtos qu\u00edmicos;<\/p>\n\n\n\n<p>agentes f\u00edsicos e biol\u00f3gicos.<\/p>\n\n\n\n<p>N\u00e3o\n s\u00e3o todas as profiss\u00f5es insalubres que se encaixam na aposentadoria \nespecial, de acordo com o INSS \u2013 Instituto Nacional do Seguro Social.<\/p>\n\n\n\n<p>Para\n solicitar a aposentadoria especial ser\u00e1 necess\u00e1rio comprovar que voc\u00ea \nfoi exposto \u00e0 agentes nocivos acima dos limites que s\u00e3o permitidos no \nBrasil.<\/p>\n\n\n\n<p>Quem trabalha com Carteira Assinada em regime CLT e, \ntamb\u00e9m os trabalhadores avulsos ou aut\u00f4nomos, que comprovem exposi\u00e7\u00e3o \naos agentes nocivos insalubres, ter\u00e3o direito ao benef\u00edcio.<\/p>\n\n\n\n<p>O prazo para solicitar este benef\u00edcio varia entre 15, 20 e 25 anos.<\/p>\n\n\n\n<h4>Profiss\u00f5es insalubres reconhecidas pelo INSS<\/h4>\n\n\n\n<p>S\u00e3o duas formas que o INSS considera uma atividade insalubre:<\/p>\n\n\n\n<p>Enquadramento profissional;<\/p>\n\n\n\n<p>Comprova\u00e7\u00e3o de efetiva exposi\u00e7\u00e3o a agentes insalubres.<\/p>\n\n\n\n<p>O\n enquadramento profissional \u00e9 quando o trabalhador desenvolveu profiss\u00e3o\n insalubre at\u00e9 28 de abril de 1995, at\u00e9 essa data, algumas profiss\u00f5es \neram automaticamente consideradas insalubres e especiais por lei.<\/p>\n\n\n\n<p>Depois\n desta data, o trabalhador passou a ter que comprovar a exposi\u00e7\u00e3o a \nagentes nocivos insalubres (f\u00edsicos, qu\u00edmicos ou biol\u00f3gicos), sendo \nnecess\u00e1rio a comprova\u00e7\u00e3o atrav\u00e9s de documentos e laudos m\u00e9dicos.<\/p>\n\n\n\n<p>Esta\n regra s\u00f3 pode ser aplicada para per\u00edodos anteriores a 28 de abril de \n1995 quando se tratar de atividade n\u00e3o relacionada na lei, por exemplo.<\/p>\n\n\n\n<p>Para\n a quest\u00e3o de insalubridade, para receber a aposentadoria especial, ser\u00e1\n necess\u00e1rio que o trabalhador realmente tenha desenvolvido essa \natividade durante um per\u00edodo m\u00ednimo estipulado por lei que vai variar \n(de acordo com tipo de atividade), de 15 a 25 anos:<\/p>\n\n\n\n<p><strong>Quinze anos:<\/strong> Trabalhadores que realizaram atividades por, pelo menos, 15 anos nas linhas de frente da minera\u00e7\u00e3o subterr\u00e2nea;<br><strong>Vinte anos:<\/strong>  Os trabalhadores que exerceram num per\u00edodo de 20 anos, atividades com  exposi\u00e7\u00e3o a agentes qu\u00edmicos asbestos (amianto) ou em minera\u00e7\u00e3o  subterr\u00e2nea (exceto nas linhas de frente);<\/p>\n\n\n\n<p><strong>Vinte e cinco anos:<\/strong> para os demais casos de exposi\u00e7\u00e3o a agentes nocivos.<\/p>\n\n\n\n<p>Quem\n exerceu atividades laborais insalubres num per\u00edodo menor do que \u00e9 \nexigido pela lei (15, 20 ou 25 anos) poder\u00e1 converter esse tempo \nespecial em tempo comum, o que vai garantir um acr\u00e9scimo no per\u00edodo que \nj\u00e1 foi contribu\u00eddo, o que antecipar\u00e1 a solicita\u00e7\u00e3o da aposentadoria por \ntempo de contribui\u00e7\u00e3o.<\/p>\n\n\n\n<p>O INSS realiza esta convers\u00e3o para \ncompensar o trabalhador que n\u00e3o conseguiu cumprir o per\u00edodo exigido para\n atividade especial o que o impede de solicitar a aposentadoria \nespecial, por\u00e9m, como desempenhou um trabalho que causou algum tipo de \nrisco a sua sa\u00fade e integridade f\u00edsica, ou seja, um trabalho insalubre.<\/p>\n\n\n\n<p>Ser\u00e1\n poss\u00edvel fazer a convers\u00e3o de tempo especial para tempo comum, \nentretanto, essa convers\u00e3o s\u00f3 tem validade para per\u00edodos trabalhados \nantes da Reforma da Previd\u00eancia de 2019 (EC 103\/2019).<\/p>\n\n\n\n<p>A partir de 12 de novembro de 2019 n\u00e3o \u00e9 mais poss\u00edvel a convers\u00e3o, pois, a reforma pro\u00edbe.<\/p>\n\n\n\n<p>Algumas\n profiss\u00f5es n\u00e3o est\u00e3o inseridas na lista, mas s\u00e3o consideradas \ninsalubre\/especial, desde que aconte\u00e7a a comprova\u00e7\u00e3o de que o \ntrabalhador foi exposto \u00e0 agentes nocivos.<\/p>\n\n\n\n<p>Na lista do INSS est\u00e3o 60 profiss\u00f5es insalubres que s\u00e3o reconhecidas por lei:<\/p>\n\n\n\n<h4>25 anos de atividade especial<\/h4>\n\n\n\n<p>\u00b7&nbsp; &nbsp; &nbsp; Aerovi\u00e1rio;<\/p>\n\n\n\n<p>\u00b7&nbsp; &nbsp; &nbsp; Aerovi\u00e1rio de Servi\u00e7o de Pista;<\/p>\n\n\n\n<p>\u00b7&nbsp; &nbsp; &nbsp; Auxiliar de Enfermeiro;<\/p>\n\n\n\n<p>\u00b7&nbsp; &nbsp; &nbsp; Auxiliar de Tinturaria;<\/p>\n\n\n\n<p>\u00b7&nbsp; &nbsp; &nbsp; Auxiliares ou Servi\u00e7os Gerais;&nbsp;<\/p>\n\n\n\n<p>\u00b7&nbsp; &nbsp; &nbsp; Bombeiro;<\/p>\n\n\n\n<p>\u00b7&nbsp; &nbsp; &nbsp; Cirurgi\u00e3o;<\/p>\n\n\n\n<p>\u00b7&nbsp; &nbsp; &nbsp; <strong>Dentista<\/strong>;<\/p>\n\n\n\n<p>\u00b7&nbsp; &nbsp; &nbsp; <strong>Eletricista (acima 250 volts)<\/strong>;<\/p>\n\n\n\n<p>\u00b7&nbsp; &nbsp; &nbsp; <strong>Enfermeiro<\/strong>;<\/p>\n\n\n\n<p>\u00b7&nbsp; &nbsp; &nbsp; Engenheiros Qu\u00edmicos, Metal\u00fargicos e de Minas;<\/p>\n\n\n\n<p>\u00b7&nbsp; &nbsp; &nbsp; Escafandrista;<\/p>\n\n\n\n<p>\u00b7&nbsp; &nbsp; &nbsp; Estivador;<\/p>\n\n\n\n<p>\u00b7&nbsp; &nbsp; &nbsp; Foguista;<\/p>\n\n\n\n<p>\u00b7&nbsp; &nbsp; &nbsp; Qu\u00edmicos Industriais;<\/p>\n\n\n\n<p>\u00b7&nbsp; &nbsp; &nbsp; Toxicologists;<\/p>\n\n\n\n<p>\u00b7&nbsp; &nbsp; &nbsp; Gr\u00e1fico;<\/p>\n\n\n\n<p>\u00b7&nbsp; &nbsp; &nbsp; Jornalista;<\/p>\n\n\n\n<p>\u00b7&nbsp; &nbsp; &nbsp; Maquinista de Trem;<\/p>\n\n\n\n<p>\u00b7&nbsp; &nbsp; &nbsp; <strong>M\u00e9dico<\/strong>;<\/p>\n\n\n\n<p>\u00b7&nbsp; &nbsp; &nbsp; Mergulhador;<\/p>\n\n\n\n<p>\u00b7&nbsp; &nbsp; &nbsp; Metal\u00fargico;<\/p>\n\n\n\n<p>\u00b7&nbsp; &nbsp; &nbsp; Mineiros de superf\u00edcie;<\/p>\n\n\n\n<p>\u00b7&nbsp; &nbsp; &nbsp; Motorista de \u00f4nibus;<\/p>\n\n\n\n<p>\u00b7&nbsp; &nbsp; &nbsp; Motorista de caminh\u00e3o (acima de 4000 toneladas);<\/p>\n\n\n\n<p>\u00b7&nbsp; &nbsp; &nbsp; T\u00e9cnico em laborat\u00f3rios de an\u00e1lise e laborat\u00f3rios qu\u00edmicos;<\/p>\n\n\n\n<p>\u00b7&nbsp; &nbsp; &nbsp; T\u00e9cnico de radioatividade;<\/p>\n\n\n\n<p>\u00b7&nbsp; &nbsp; &nbsp; Trabalhadores em extra\u00e7\u00e3o de petr\u00f3leo;<\/p>\n\n\n\n<p>\u00b7&nbsp; &nbsp; &nbsp; Transporte ferrovi\u00e1rio;<\/p>\n\n\n\n<p>\u00b7&nbsp; &nbsp; &nbsp; Transporte urbano e rodovi\u00e1rios;<\/p>\n\n\n\n<p>\u00b7&nbsp; &nbsp; &nbsp; Operador de Caldeira;<\/p>\n\n\n\n<p>\u00b7&nbsp; &nbsp; &nbsp; Operador de Raios-X;<\/p>\n\n\n\n<p>\u00b7&nbsp; &nbsp; &nbsp; Operador de C\u00e2mara Frigor\u00edfica;<\/p>\n\n\n\n<p>\u00b7&nbsp; &nbsp; &nbsp; Pescadores;<\/p>\n\n\n\n<p>\u00b7&nbsp; &nbsp; &nbsp; Perfurador;<\/p>\n\n\n\n<p>\u00b7&nbsp; &nbsp; &nbsp; Pintor de Pistola;<\/p>\n\n\n\n<p>\u00b7&nbsp; &nbsp; &nbsp; Professor;<\/p>\n\n\n\n<p>\u00b7&nbsp; &nbsp; &nbsp; Recepcionista;<\/p>\n\n\n\n<p>\u00b7&nbsp; &nbsp; &nbsp; Soldador;<\/p>\n\n\n\n<p>\u00b7&nbsp; &nbsp; &nbsp; Supervisores e Fiscais de \u00e1reas com ambiente insalubre;<\/p>\n\n\n\n<p>\u00b7&nbsp; &nbsp; &nbsp; Tintureiro;<\/p>\n\n\n\n<p>\u00b7&nbsp; &nbsp; &nbsp; Torneiro Mec\u00e2nico;<\/p>\n\n\n\n<p>\u00b7&nbsp; &nbsp; &nbsp; Trabalhador de Constru\u00e7\u00e3o Civil (Grandes Obras \u2013 apartamentos acima de 8 andares);<\/p>\n\n\n\n<p>\u00b7&nbsp; &nbsp; &nbsp; Vigia Armado.<\/p>\n\n\n\n<h4>20 anos de atividade especial<\/h4>\n\n\n\n<p>\u00b7&nbsp; &nbsp; &nbsp; Extrator de F\u00f3sforo Branco;<\/p>\n\n\n\n<p>\u00b7&nbsp; &nbsp; &nbsp; Extrator de Merc\u00fario;<\/p>\n\n\n\n<p>\u00b7&nbsp; &nbsp; &nbsp; Fabricante de Tinta;<\/p>\n\n\n\n<p>\u00b7&nbsp; &nbsp; &nbsp; Fundidor de Chumbo;<\/p>\n\n\n\n<p>\u00b7&nbsp; &nbsp; &nbsp; Laminador de Chumbo;<\/p>\n\n\n\n<p>\u00b7&nbsp; &nbsp; &nbsp; Moldador de Chumbo;<\/p>\n\n\n\n<p>\u00b7&nbsp; &nbsp; &nbsp; Trabalhador em T\u00fanel ou Galeria Alagada;<\/p>\n\n\n\n<p>\u00b7&nbsp; &nbsp; &nbsp; Trabalhadores permanentes em locais de subsolo, afastados das frentes de trabalho;<\/p>\n\n\n\n<p>\u00b7&nbsp; &nbsp; &nbsp; Carregador de Explosivos;<\/p>\n\n\n\n<p>\u00b7&nbsp; &nbsp; &nbsp; Encarregado de Fogo.<\/p>\n\n\n\n<h4>15 anos de atividade pessoal<\/h4>\n\n\n\n<p>\u00b7&nbsp; &nbsp; &nbsp; Britador;<\/p>\n\n\n\n<p>\u00b7&nbsp; &nbsp; &nbsp; Carregador de Rochas;<\/p>\n\n\n\n<p>\u00b7&nbsp; &nbsp; &nbsp; Cavouqueiro;<\/p>\n\n\n\n<p>\u00b7&nbsp; &nbsp; &nbsp; Choqueiro;<\/p>\n\n\n\n<p>\u00b7&nbsp; &nbsp; &nbsp; Mineiros no subsolo;<\/p>\n\n\n\n<p>\u00b7&nbsp; &nbsp; &nbsp; Operador de britadeira de rocha subterr\u00e2nea;<\/p>\n\n\n\n<p>\u00b7&nbsp; &nbsp; &nbsp; Perfurador de Rochas em Cavernas.<\/p>\n\n\n\n<h4>Como comprovar atividade insalubre?<\/h4>\n\n\n\n<p>A\n legisla\u00e7\u00e3o previdenci\u00e1ria se utiliza de dois crit\u00e9rios para a avalia\u00e7\u00e3o\n para considerar se realmente a atividade \u00e9 insalubre ou n\u00e3o:<\/p>\n\n\n\n<p><em>Enquadramento profissional;<br><\/em><em>Efetiva exposi\u00e7\u00e3o a agentes insalubres.<\/em><\/p>\n\n\n\n<p>Portanto,\n trabalhadores que exerceram alguma das atividades insalubres constantes\n nos decretos 53.831\/64 e 83.080\/79 at\u00e9 28 de abril de 1995 podem ter a \natividade especial reconhecida com base no enquadramento profissional.<\/p>\n\n\n\n<p>Por\u00e9m,\n \u00e9 necess\u00e1rio que a profiss\u00e3o exercida esteja na lista do INSS. A \nCarteira de Trabalho (CTPS) poder\u00e1 servir como comprovante suficiente \npara solicitar a aposentadoria especial.<\/p>\n\n\n\n<p>Por outro lado, as \npessoas que exerceram suas atividades laborais insalubres depois de 28 \nde abril de 1995, o enquadramento profissional n\u00e3o bastar\u00e1.<\/p>\n\n\n\n<p>O trabalhador ter\u00e1 que comprovar sua exposi\u00e7\u00e3o aos agentes f\u00edsicos, qu\u00edmicos ou biol\u00f3gicos que foram nocivos \u00e0 sua sa\u00fade.<\/p>\n\n\n\n<p>Para isso, o profissional ter\u00e1 que pedir junto \u00e0 empresa os seguintes documentos:<\/p>\n\n\n\n<p>PPP (Perfil Profissiogr\u00e1fico Previdenci\u00e1rio);<\/p>\n\n\n\n<p>LTCAT (Laudo das Condi\u00e7\u00f5es Ambientais do Trabalho)<\/p>\n\n\n\n<p>Documenta\u00e7\u00e3o padr\u00e3o para comprovar o exerc\u00edcio e o tempo de desenvolvimento da atividade insalubre.<\/p>\n\n\n\n<h4>Perfil Profissiogr\u00e1fico Previdenci\u00e1rio<\/h4>\n\n\n\n<p>Se\n trata de um documento t\u00e9cnico especial destinado ao trabalhador que \ndeseja solicitar a aposentadoria especial por exercer atividade \ninsalubre.<\/p>\n\n\n\n<p>Na verdade, a documenta\u00e7\u00e3o \u00e9 um tipo de hist\u00f3rico do\n profissional (que re\u00fane dados administrativos e registros das condi\u00e7\u00f5es\n de ambiente de trabalho) de todo o per\u00edodo em que o trabalhador atuou \nna empresa.<\/p>\n\n\n\n<h4>Laudo das Condi\u00e7\u00f5es Ambientais do Trabalho<\/h4>\n\n\n\n<p>O\n trabalhador vai precisar do laudo para comprovar que foi exposto a \nagentes nocivos como ru\u00eddo, eletricidade ou calor, que comprometeram a \nsua sa\u00fade e integridade f\u00edsica.<\/p>\n\n\n\n<p>O M\u00e9dico ou Engenheiro do \nTrabalho, ser\u00e1 o respons\u00e1vel por realizar uma an\u00e1lise t\u00e9cnica para \nidentificar a exposi\u00e7\u00e3o do trabalhador, para depois emitir o PPP e o \nLTCAT.<\/p>\n\n\n\n<h4>O que mudou depois da Reforma da Previd\u00eancia?<\/h4>\n\n\n\n<p>Aconteceram muitas altera\u00e7\u00f5es na aposentadoria especial depois da Reforma da Previd\u00eancia em 2019.<\/p>\n\n\n\n<p>Uma\n dessas altera\u00e7\u00f5es \u00e9 referente \u00e0 quest\u00e3o da convers\u00e3o do tempo de \natividade especial (insalubre) em tempo comum de contribui\u00e7\u00e3o.<\/p>\n\n\n\n<p>Que\n com a aprova\u00e7\u00e3o da Reforma a convers\u00e3o n\u00e3o ser\u00e1 mais permitida, o que \nlevar\u00e1 o trabalhador a n\u00e3o conseguir aumentar seu tempo de contribui\u00e7\u00e3o \nmediante a convers\u00e3o dos per\u00edodos insalubres.<\/p>\n\n\n\n<p><strong>Fique atento:<\/strong> o direito \u00e0 convers\u00e3o fica garantido para per\u00edodos trabalhados at\u00e9 12 de novembro de 2019 (data da promulga\u00e7\u00e3o da EC 103\/2019).<\/p>\n\n\n\n<p>Um\n fator importante no que se refere aos requisitos da aposentadoria \nespecial, antes da EC 103\/2019, bastava que o trabalhador cumprisse os \n15, 20 ou 25 anos de tempo de atividade especial para que tivesse seu \ndireito garantido.<\/p>\n\n\n\n<p>O que mudou foi que a partir de agora, al\u00e9m \ndesse tempo m\u00ednimo de atividade insalubre, tamb\u00e9m passou a ser exigida \numa idade m\u00ednima a esses trabalhadores.<\/p>\n\n\n\n<p>Quem j\u00e1 estava filiado ao \nINSS antes da Reforma (j\u00e1 era trabalhador e contribuinte antes de \nnovembro de 2019), ter\u00e1 que cumprir uma regra de transi\u00e7\u00e3o.<\/p>\n\n\n\n<h4>Regra de Transi\u00e7\u00e3o<\/h4>\n\n\n\n<p>O trabalhador dever\u00e1 cumprir uma pontua\u00e7\u00e3o m\u00ednima, somando idade + tempo de contribui\u00e7\u00e3o, al\u00e9m do tempo de atividade especial:<\/p>\n\n\n\n<ul><li>15 anos de atividade insalubre (para trabalhadores das linhas de frente da minera\u00e7\u00e3o subterr\u00e2nea) + 66 pontos;<\/li><li>20\n anos de atividade insalubre (para trabalhadores de minas subterr\u00e2neas \nque exer\u00e7am suas fun\u00e7\u00f5es longe das linhas de frente e trabalhadores \nexpostos ao amianto ou asbestos) + 76 pontos;<\/li><li>25 anos de atividade insalubre (para os demais agentes nocivos qu\u00edmicos, f\u00edsicos ou biol\u00f3gicos) + 86 pontos.<\/li><li>Observe\n que o c\u00e1lculo do valor do benef\u00edcio tamb\u00e9m mudou. Antes, o valor seria \nde 100% do sal\u00e1rio de benef\u00edcio, sem aplica\u00e7\u00e3o do fator previdenci\u00e1rio \nou qualquer coeficiente.<\/li><\/ul>\n\n\n\n<p>Atualmente, al\u00e9m de o \nsal\u00e1rio de benef\u00edcio ser calculado com base na m\u00e9dia de todas as \ncontribui\u00e7\u00f5es, \u00e9 aplicado um coeficiente, que varia de acordo com o \ntempo de contribui\u00e7\u00e3o total do trabalhador.<\/p>\n\n\n\n<p>Sendo assim, o  coeficiente ir\u00e1 iniciar em 60%, ou seja, o trabalhador ir\u00e1 receber 60%  do seu sal\u00e1rio de benef\u00edcio, com acr\u00e9scimo de 2% por ano que ultrapassar  os 20 anos de tempo de contribui\u00e7\u00e3o, no caso dos homens, ou por ano que  ultrapassar 15 anos de tempo de contribui\u00e7\u00e3o no caso das mulheres e  tamb\u00e9m no caso dos mineiros das linhas de frente.<\/p>\n\n\n\n<p> Edi\u00e7\u00e3o por <strong>Jorge Roberto Wrigt Cunha <\/strong>\u2013 jornalista do <strong>Jornal Cont\u00e1bil<\/strong><br>Fonte:<strong> www.jornalcontabil.com.br<\/strong><\/p>\n\n\n<p><br \/><!--StartFragment--><\/p>\n\n\n<p><strong>Siga-nos:<\/strong> <a rel=\"noreferrer noopener\" aria-label=\"Instagam (abre numa nova aba)\" href=\"https:\/\/www.instagram.com\/moraistavaresadv\/\" target=\"_blank\">Instagam<\/a> &#8211; <a rel=\"noreferrer noopener\" aria-label=\"FaceBook (abre numa nova aba)\" href=\"https:\/\/www.facebook.com\/moraistavaresadvogados\/\" target=\"_blank\">FaceBook<\/a> &#8211; <a rel=\"noreferrer noopener\" aria-label=\"Twitter (abre numa nova aba)\" href=\"https:\/\/twitter.com\/moraisetavares\/\" target=\"_blank\">Twitter<\/a> &#8211; <a rel=\"noreferrer noopener\" aria-label=\"Linkedin (abre numa nova aba)\" href=\"https:\/\/www.linkedin.com\/company\/morais-tavares-advogados-associados\/\" target=\"_blank\">Linkedin<\/a><\/p>\n\n\n\n<p> <strong>WhatsApp<\/strong>: <a rel=\"noreferrer noopener\" href=\"https:\/\/wa.me\/5532991371127\" target=\"_blank\">(32) 99137-1127<\/a> <\/p>\n\n\n\n<p> <strong> <a rel=\"noreferrer noopener\" href=\"https:\/\/moraistavares.adv.br\/app-escritorio-morais-e-tavares\/\" target=\"_blank\">Baixe nosso aplicativo.<\/a><\/strong> <\/p>\n\n\n<p><!--EndFragment--><br>\n<br>\n<\/p>","protected":false},"excerpt":{"rendered":"<p>Depois de tantos anos trabalhando, chegou a hora da t\u00e3o sonhada aposentadoria. <\/p>\n<p>Voc\u00ea sabe que algumas profiss\u00f5es tem direito a aposentadoria especial?<\/p>\n","protected":false},"author":1,"featured_media":173,"comment_status":"open","ping_status":"open","sticky":false,"template":"","format":"standard","meta":[],"categories":[179],"tags":[93,152,151,185,186,94,183,184,180,96,168,167,9,78,149,79,181],"yoast_head":"<!-- This site is optimized with the Yoast SEO Premium plugin v15.6.2 - https:\/\/yoast.com\/wordpress\/plugins\/seo\/ -->\r\n<title>INSS: 65 profiss\u00f5es que tem direito a aposentadoria especial - Blog Morais &amp; Tavares Advogados<\/title>\r\n<meta name=\"robots\" content=\"index, follow, max-snippet:-1, max-image-preview:large, max-video-preview:-1\" \/>\r\n<link rel=\"canonical\" href=\"https:\/\/moraistavares.adv.br\/blog\/inss-65-profissoes-que-tem-direito-a-aposentadoria-especial\/\" \/>\r\n<meta property=\"og:locale\" content=\"pt_BR\" \/>\r\n<meta property=\"og:type\" content=\"article\" \/>\r\n<meta property=\"og:title\" content=\"INSS: 65 profiss\u00f5es que tem direito a aposentadoria especial - Blog Morais &amp; Tavares Advogados\" \/>\r\n<meta property=\"og:description\" content=\"Depois de tantos anos trabalhando, chegou a hora da t\u00e3o sonhada aposentadoria.  Voc\u00ea sabe que algumas profiss\u00f5es tem direito a aposentadoria especial?\" \/>\r\n<meta property=\"og:url\" content=\"https:\/\/moraistavares.adv.br\/blog\/inss-65-profissoes-que-tem-direito-a-aposentadoria-especial\/\" \/>\r\n<meta property=\"og:site_name\" content=\"Blog Morais &amp; Tavares Advogados\" \/>\r\n<meta property=\"article:publisher\" content=\"https:\/\/www.facebook.com\/moraistavaresadvogados\/\" \/>\r\n<meta property=\"article:published_time\" content=\"2020-10-25T18:49:52+00:00\" \/>\r\n<meta property=\"article:modified_time\" content=\"2020-10-25T19:00:40+00:00\" \/>\r\n<meta property=\"og:image\" content=\"https:\/\/moraistavares.adv.br\/blog\/wp-content\/uploads\/2020\/10\/aposentadoria-especial1.jpg\" \/>\r\n\t<meta property=\"og:image:width\" content=\"1080\" \/>\r\n\t<meta property=\"og:image:height\" content=\"1080\" \/>\r\n<meta name=\"twitter:card\" content=\"summary_large_image\" \/>\r\n<meta name=\"twitter:creator\" content=\"@moraisetavares\" \/>\r\n<meta name=\"twitter:site\" content=\"@moraisetavares\" \/>\r\n<meta name=\"twitter:label1\" content=\"Est. reading time\">\n\t<meta name=\"twitter:data1\" content=\"10 minutos\">\r\n<script type=\"application\/ld+json\" class=\"yoast-schema-graph\">{\"@context\":\"https:\/\/schema.org\",\"@graph\":[{\"@type\":\"Organization\",\"@id\":\"https:\/\/moraistavares.adv.br\/blog\/#organization\",\"name\":\"Morais & Tavares Advogados Associados\",\"url\":\"https:\/\/moraistavares.adv.br\/blog\/\",\"sameAs\":[\"https:\/\/www.facebook.com\/moraistavaresadvogados\/\",\"https:\/\/www.instagram.com\/moraistavaresadv\/\",\"https:\/\/www.linkedin.com\/company\/morais-tavares-advogados-associados\/\",\"https:\/\/twitter.com\/moraisetavares\"],\"logo\":{\"@type\":\"ImageObject\",\"@id\":\"https:\/\/moraistavares.adv.br\/blog\/#logo\",\"inLanguage\":\"pt-BR\",\"url\":\"https:\/\/moraistavares.adv.br\/blog\/wp-content\/uploads\/2020\/09\/cropped-logo-morais-e-tavares.png\",\"width\":282,\"height\":110,\"caption\":\"Morais & Tavares Advogados Associados\"},\"image\":{\"@id\":\"https:\/\/moraistavares.adv.br\/blog\/#logo\"}},{\"@type\":\"WebSite\",\"@id\":\"https:\/\/moraistavares.adv.br\/blog\/#website\",\"url\":\"https:\/\/moraistavares.adv.br\/blog\/\",\"name\":\"Blog Morais & Tavares Advogados\",\"description\":\"Not\\u00edcias e Informa\\u00e7\\u00f5es do escrit\\u00f3rio Morais &amp; Tavares Advogados Associados\",\"publisher\":{\"@id\":\"https:\/\/moraistavares.adv.br\/blog\/#organization\"},\"potentialAction\":[{\"@type\":\"SearchAction\",\"target\":\"https:\/\/moraistavares.adv.br\/blog\/?s={search_term_string}\",\"query-input\":\"required name=search_term_string\"}],\"inLanguage\":\"pt-BR\"},{\"@type\":\"ImageObject\",\"@id\":\"https:\/\/moraistavares.adv.br\/blog\/inss-65-profissoes-que-tem-direito-a-aposentadoria-especial\/#primaryimage\",\"inLanguage\":\"pt-BR\",\"url\":\"https:\/\/moraistavares.adv.br\/blog\/wp-content\/uploads\/2020\/10\/aposentadoria-especial1.jpg\",\"width\":1080,\"height\":1080},{\"@type\":\"WebPage\",\"@id\":\"https:\/\/moraistavares.adv.br\/blog\/inss-65-profissoes-que-tem-direito-a-aposentadoria-especial\/#webpage\",\"url\":\"https:\/\/moraistavares.adv.br\/blog\/inss-65-profissoes-que-tem-direito-a-aposentadoria-especial\/\",\"name\":\"INSS: 65 profiss\\u00f5es que tem direito a aposentadoria especial - Blog Morais &amp; Tavares Advogados\",\"isPartOf\":{\"@id\":\"https:\/\/moraistavares.adv.br\/blog\/#website\"},\"primaryImageOfPage\":{\"@id\":\"https:\/\/moraistavares.adv.br\/blog\/inss-65-profissoes-que-tem-direito-a-aposentadoria-especial\/#primaryimage\"},\"datePublished\":\"2020-10-25T18:49:52+00:00\",\"dateModified\":\"2020-10-25T19:00:40+00:00\",\"inLanguage\":\"pt-BR\",\"potentialAction\":[{\"@type\":\"ReadAction\",\"target\":[\"https:\/\/moraistavares.adv.br\/blog\/inss-65-profissoes-que-tem-direito-a-aposentadoria-especial\/\"]}]},{\"@type\":\"Article\",\"@id\":\"https:\/\/moraistavares.adv.br\/blog\/inss-65-profissoes-que-tem-direito-a-aposentadoria-especial\/#article\",\"isPartOf\":{\"@id\":\"https:\/\/moraistavares.adv.br\/blog\/inss-65-profissoes-que-tem-direito-a-aposentadoria-especial\/#webpage\"},\"author\":{\"@id\":\"https:\/\/moraistavares.adv.br\/blog\/#\/schema\/person\/50985d3ae4b2de3d7bfbb05a215e0ff5\"},\"headline\":\"INSS: 65 profiss\\u00f5es que tem direito a aposentadoria especial\",\"datePublished\":\"2020-10-25T18:49:52+00:00\",\"dateModified\":\"2020-10-25T19:00:40+00:00\",\"mainEntityOfPage\":{\"@id\":\"https:\/\/moraistavares.adv.br\/blog\/inss-65-profissoes-que-tem-direito-a-aposentadoria-especial\/#webpage\"},\"commentCount\":0,\"publisher\":{\"@id\":\"https:\/\/moraistavares.adv.br\/blog\/#organization\"},\"image\":{\"@id\":\"https:\/\/moraistavares.adv.br\/blog\/inss-65-profissoes-que-tem-direito-a-aposentadoria-especial\/#primaryimage\"},\"keywords\":\"AdvogadoJuizDeFora,advogadominas,advogadominasgerais,advogadoprevidenciario,advogadoprevidenciariojuizdefora,AdvogadosJuizDeFora,aposentadoria,insalubridade,inss,JuizDeFora,juizdefora_mg,juizdeforamg,moraistavares,moraistavaresadv,moraistavaresadvogadosjuizdefora,moraoraistavaresadvogados,previdencia\",\"articleSection\":\"Direito Previdenci\\u00e1rio\",\"inLanguage\":\"pt-BR\",\"potentialAction\":[{\"@type\":\"CommentAction\",\"name\":\"Comment\",\"target\":[\"https:\/\/moraistavares.adv.br\/blog\/inss-65-profissoes-que-tem-direito-a-aposentadoria-especial\/#respond\"]}]},{\"@type\":\"Person\",\"@id\":\"https:\/\/moraistavares.adv.br\/blog\/#\/schema\/person\/50985d3ae4b2de3d7bfbb05a215e0ff5\",\"name\":\"Morais Tavares\",\"image\":{\"@type\":\"ImageObject\",\"@id\":\"https:\/\/moraistavares.adv.br\/blog\/#personlogo\",\"inLanguage\":\"pt-BR\",\"url\":\"https:\/\/secure.gravatar.com\/avatar\/9ce3d5303757237045117d3e94d9f8f1?s=96&d=mm&r=g\",\"caption\":\"Morais Tavares\"}}]}<\/script>\r\n<!-- \/ Yoast SEO Premium plugin. -->","_links":{"self":[{"href":"https:\/\/moraistavares.adv.br\/blog\/wp-json\/wp\/v2\/posts\/167"}],"collection":[{"href":"https:\/\/moraistavares.adv.br\/blog\/wp-json\/wp\/v2\/posts"}],"about":[{"href":"https:\/\/moraistavares.adv.br\/blog\/wp-json\/wp\/v2\/types\/post"}],"author":[{"embeddable":true,"href":"https:\/\/moraistavares.adv.br\/blog\/wp-json\/wp\/v2\/users\/1"}],"replies":[{"embeddable":true,"href":"https:\/\/moraistavares.adv.br\/blog\/wp-json\/wp\/v2\/comments?post=167"}],"version-history":[{"count":3,"href":"https:\/\/moraistavares.adv.br\/blog\/wp-json\/wp\/v2\/posts\/167\/revisions"}],"predecessor-version":[{"id":172,"href":"https:\/\/moraistavares.adv.br\/blog\/wp-json\/wp\/v2\/posts\/167\/revisions\/172"}],"wp:featuredmedia":[{"embeddable":true,"href":"https:\/\/moraistavares.adv.br\/blog\/wp-json\/wp\/v2\/media\/173"}],"wp:attachment":[{"href":"https:\/\/moraistavares.adv.br\/blog\/wp-json\/wp\/v2\/media?parent=167"}],"wp:term":[{"taxonomy":"category","embeddable":true,"href":"https:\/\/moraistavares.adv.br\/blog\/wp-json\/wp\/v2\/categories?post=167"},{"taxonomy":"post_tag","embeddable":true,"href":"https:\/\/moraistavares.adv.br\/blog\/wp-json\/wp\/v2\/tags?post=167"}],"curies":[{"name":"wp","href":"https:\/\/api.w.org\/{rel}","templated":true}]}}